{"id":9361,"date":"2026-04-27T12:20:15","date_gmt":"2026-04-27T16:20:15","guid":{"rendered":"https:\/\/blogphotographie.com\/?p=9361"},"modified":"2026-04-27T12:20:21","modified_gmt":"2026-04-27T16:20:21","slug":"la-charte-de-gris-en-photographie-a-quoi-ca-sert-vraiment","status":"publish","type":"post","link":"https:\/\/blogphotographie.com\/fr_fr\/la-charte-de-gris-en-photographie-a-quoi-ca-sert-vraiment\/","title":{"rendered":"La charte de gris en photographie : \u00e0 quoi \u00e7a sert vraiment?"},"content":{"rendered":"<p>J&rsquo;ai souvenir d&rsquo;un de mes premiers shootings en studio. La lumi\u00e8re \u00e9tait belle, le sujet bien pos\u00e9, mes r\u00e9glages me semblaient bons. Mais quand j&rsquo;ai ouvert mes fichiers en post-traitement, les teintes de peau tiraient l\u00e9g\u00e8rement vers le jaune. Pas \u00e9norme, mais visible. Et surtout, inutile. Ce jour-l\u00e0, j&rsquo;avais laiss\u00e9 ma charte de gris dans le sac.<\/p>\n\n\n\n<p>C&rsquo;est exactement ce genre de petite erreur \u00e9vitable qui m&rsquo;a appris \u00e0 mieux comprendre cet outil. Parce que la charte de gris ne fait pas que \u00ab corriger la couleur \u00bb. Elle fait quelque chose de plus fondamental que \u00e7a, et j&rsquo;ai envie de t&rsquo;expliquer les deux r\u00f4les qu&rsquo;on lui confie souvent sans les distinguer clairement.<\/p>\n\n\n<div class=\"wp-block-image\">\n<figure class=\"aligncenter size-full\"><img loading=\"lazy\" decoding=\"async\" width=\"2531\" height=\"1086\" data-attachment-id=\"9371\" data-permalink=\"https:\/\/blogphotographie.com\/fr_fr\/la-charte-de-gris-en-photographie-a-quoi-ca-sert-vraiment\/charte-de-gris-18-photographie\/\" data-orig-file=\"https:\/\/blogphotographie.com\/wp-content\/uploads\/charte-de-gris-18-photographie.jpg\" data-orig-size=\"2531,1086\" data-comments-opened=\"0\" data-image-meta=\"{&quot;aperture&quot;:&quot;0&quot;,&quot;credit&quot;:&quot;&quot;,&quot;camera&quot;:&quot;&quot;,&quot;caption&quot;:&quot;&quot;,&quot;created_timestamp&quot;:&quot;1777283828&quot;,&quot;copyright&quot;:&quot;&quot;,&quot;focal_length&quot;:&quot;0&quot;,&quot;iso&quot;:&quot;0&quot;,&quot;shutter_speed&quot;:&quot;0&quot;,&quot;title&quot;:&quot;&quot;,&quot;orientation&quot;:&quot;0&quot;}\" data-image-title=\"charte-de-gris-18%-photographie\" data-image-description=\"\" data-image-caption=\"\" data-large-file=\"https:\/\/blogphotographie.com\/wp-content\/uploads\/charte-de-gris-18-photographie-1024x439.jpg\" src=\"https:\/\/blogphotographie.com\/wp-content\/uploads\/charte-de-gris-18-photographie.jpg\" alt=\"Charte de gris 18 % utilis\u00e9e en photographie pour la balance des blancs et l'exposition\" class=\"wp-image-9371\" srcset=\"https:\/\/blogphotographie.com\/wp-content\/uploads\/charte-de-gris-18-photographie.jpg 2531w, https:\/\/blogphotographie.com\/wp-content\/uploads\/charte-de-gris-18-photographie-300x129.jpg 300w, https:\/\/blogphotographie.com\/wp-content\/uploads\/charte-de-gris-18-photographie-1024x439.jpg 1024w, https:\/\/blogphotographie.com\/wp-content\/uploads\/charte-de-gris-18-photographie-768x330.jpg 768w, https:\/\/blogphotographie.com\/wp-content\/uploads\/charte-de-gris-18-photographie-1536x659.jpg 1536w, https:\/\/blogphotographie.com\/wp-content\/uploads\/charte-de-gris-18-photographie-2048x879.jpg 2048w, https:\/\/blogphotographie.com\/wp-content\/uploads\/charte-de-gris-18-photographie-18x8.jpg 18w\" sizes=\"auto, (max-width: 2531px) 100vw, 2531px\" \/><figcaption class=\"wp-element-caption\"><em>Une simple charte de gris peut remplacer plusieurs minutes de correction en post-traitement.<\/em><\/figcaption><\/figure>\n<\/div>\n\n\n<h2 class=\"wp-block-heading\">C&rsquo;est quoi, une charte de gris?<\/h2>\n\n\n\n<p>\u00c0 premi\u00e8re vue, c&rsquo;est simplement un carton gris. Pas vraiment excitant. Mais la nuance est dans la pr\u00e9cision : ce gris n&rsquo;est pas n&rsquo;importe lequel.<\/p>\n\n\n\n<h3 class=\"wp-block-heading\">La charte 18 % : l&rsquo;\u00e9talon universel<\/h3>\n\n\n\n<p>Le gris \u00e0 18 % de r\u00e9flectance est ce qu&rsquo;on appelle un gris neutre moyen. Concr\u00e8tement, il r\u00e9fl\u00e9chit exactement 18 % de la lumi\u00e8re qu&rsquo;il re\u00e7oit. Ce pourcentage correspond approximativement au point m\u00e9dian de ce que la plupart des capteurs photographiques consid\u00e8rent comme une exposition \u00e9quilibr\u00e9e.<\/p>\n\n\n\n<p>Ce n&rsquo;est pas une convention arbitraire. Les posem\u00e8tres int\u00e9gr\u00e9s \u00e0 nos appareils photo, ainsi que les modes de mesure de la lumi\u00e8re, sont calibr\u00e9s pour rendre n&rsquo;importe quel sujet \u00e0 cette valeur de 18 %. Si tu pointes ton appareil sur une surface blanche, il va tenter de l&rsquo;exposer comme un gris moyen. M\u00eame chose pour une surface noire. C&rsquo;est pour \u00e7a que tu peux lire sur l&rsquo;article <a href=\"https:\/\/blogphotographie.com\/fr_fr\/comprendre-la-mesure-de-la-lumiere-en-photographie\/\">Comprendre la Mesure de la Lumi\u00e8re en Photographie<\/a> que le posem\u00e8tre mesure la lumi\u00e8re r\u00e9fl\u00e9chie, pas la lumi\u00e8re incidente.<\/p>\n\n\n\n<p>La charte \u00e0 18 % existe pour contourner exactement ce comportement.<\/p>\n\n\n\n<h3 class=\"wp-block-heading\">Les variantes disponibles<\/h3>\n\n\n\n<p>Il existe trois formats courants qu&rsquo;on retrouve dans le commerce. La charte de gris pure (un seul ton gris neutre 18 %), la charte combin\u00e9e gris et blanc (deux zones distinctes pour deux usages diff\u00e9rents), et la carte de r\u00e9f\u00e9rence couleur comme la X-Rite ColorChecker, qui int\u00e8gre une grille de teintes calibr\u00e9es en plus du gris neutre.<\/p>\n\n\n<div class=\"wp-block-image\">\n<figure class=\"aligncenter size-full\"><img loading=\"lazy\" decoding=\"async\" width=\"2560\" height=\"825\" data-attachment-id=\"9365\" data-permalink=\"https:\/\/blogphotographie.com\/fr_fr\/la-charte-de-gris-en-photographie-a-quoi-ca-sert-vraiment\/la-charte-de-gris-en-photographie-a-quoi-ca-sert-vraiment-2-2\/\" data-orig-file=\"https:\/\/blogphotographie.com\/wp-content\/uploads\/La-charte-de-gris-en-photographie-a-quoi-ca-sert-vraiment-2-scaled.jpg\" data-orig-size=\"2560,825\" data-comments-opened=\"0\" data-image-meta=\"{&quot;aperture&quot;:&quot;0&quot;,&quot;credit&quot;:&quot;&quot;,&quot;camera&quot;:&quot;&quot;,&quot;caption&quot;:&quot;&quot;,&quot;created_timestamp&quot;:&quot;1777283828&quot;,&quot;copyright&quot;:&quot;&quot;,&quot;focal_length&quot;:&quot;0&quot;,&quot;iso&quot;:&quot;0&quot;,&quot;shutter_speed&quot;:&quot;0&quot;,&quot;title&quot;:&quot;&quot;,&quot;orientation&quot;:&quot;0&quot;}\" data-image-title=\"chartes-reference-photographie-comparatif\" data-image-description=\"\" data-image-caption=\"\" data-large-file=\"https:\/\/blogphotographie.com\/wp-content\/uploads\/La-charte-de-gris-en-photographie-a-quoi-ca-sert-vraiment-2-1024x330.jpg\" src=\"https:\/\/blogphotographie.com\/wp-content\/uploads\/La-charte-de-gris-en-photographie-a-quoi-ca-sert-vraiment-2-scaled.jpg\" alt=\"Les trois formats de chartes de r\u00e9f\u00e9rence en photographie : charte de gris simple, charte combin\u00e9e gris et blanc Lastolite, et X-Rite ColorChecker Passport\" class=\"wp-image-9365\" srcset=\"https:\/\/blogphotographie.com\/wp-content\/uploads\/La-charte-de-gris-en-photographie-a-quoi-ca-sert-vraiment-2-scaled.jpg 2560w, https:\/\/blogphotographie.com\/wp-content\/uploads\/La-charte-de-gris-en-photographie-a-quoi-ca-sert-vraiment-2-300x97.jpg 300w, https:\/\/blogphotographie.com\/wp-content\/uploads\/La-charte-de-gris-en-photographie-a-quoi-ca-sert-vraiment-2-1024x330.jpg 1024w, https:\/\/blogphotographie.com\/wp-content\/uploads\/La-charte-de-gris-en-photographie-a-quoi-ca-sert-vraiment-2-768x247.jpg 768w, https:\/\/blogphotographie.com\/wp-content\/uploads\/La-charte-de-gris-en-photographie-a-quoi-ca-sert-vraiment-2-1536x495.jpg 1536w, https:\/\/blogphotographie.com\/wp-content\/uploads\/La-charte-de-gris-en-photographie-a-quoi-ca-sert-vraiment-2-2048x660.jpg 2048w, https:\/\/blogphotographie.com\/wp-content\/uploads\/La-charte-de-gris-en-photographie-a-quoi-ca-sert-vraiment-2-18x6.jpg 18w\" sizes=\"auto, (max-width: 2560px) 100vw, 2560px\" \/><figcaption class=\"wp-element-caption\"><em>De gauche \u00e0 droite : la charte de gris simple, la charte combin\u00e9e gris et blanc, et le X-Rite ColorChecker Passport. Trois niveaux d&rsquo;exigence pour trois contextes diff\u00e9rents.<\/em><\/figcaption><\/figure>\n<\/div>\n\n\n<p>Pour un usage courant, la charte combin\u00e9e gris\/blanc offre le meilleur compromis. Elle co\u00fbte peu cher et couvre les deux besoins les plus fr\u00e9quents.<\/p>\n\n\n\n<h2 class=\"wp-block-heading\">Deux r\u00f4les que la plupart des gens ignorent<\/h2>\n\n\n\n<p>C&rsquo;est ici que beaucoup de photographes simplifient \u00e0 tort. On entend souvent \u00ab la charte de gris, c&rsquo;est pour la balance des blancs \u00bb. C&rsquo;est vrai, mais c&rsquo;est incomplet. Elle sert aussi \u00e0 la mesure de l&rsquo;exposition, et ces deux usages sont bien distincts.<\/p>\n\n\n\n<h3 class=\"wp-block-heading\">Calibrer la balance des blancs<\/h3>\n\n\n\n<p>La balance des blancs, c&rsquo;est la fa\u00e7on dont ton appareil interpr\u00e8te la couleur de la lumi\u00e8re ambiante. Une lumi\u00e8re tungst\u00e8ne chaude rend les teintes orang\u00e9es. Un ciel couvert les pousse vers le bleu. Ton appareil tente de compenser automatiquement, mais il se trompe r\u00e9guli\u00e8rement, surtout en lumi\u00e8re mixte ou artificielle.<\/p>\n\n\n\n<p>Pour mieux comprendre les fondements de ce ph\u00e9nom\u00e8ne, l&rsquo;article <a href=\"https:\/\/blogphotographie.com\/fr_fr\/la-balance-des-blancs\/\">La balance des blancs<\/a> t&rsquo;explique le principe complet.<\/p>\n\n\n\n<p>La charte de gris neutre entre en jeu ici de fa\u00e7on tr\u00e8s simple. Tu la photographies dans les m\u00eames conditions d&rsquo;\u00e9clairage que ton sujet, sans changer quoi que ce soit. Ensuite, dans Lightroom, tu utilises la pipette de balance des blancs sur cette zone grise. Comme le gris 18 % est par d\u00e9finition neutre, le logiciel peut calculer exactement quel d\u00e9calage de couleur corriger. En un clic, ta balance des blancs est juste. Et si tu as photographi\u00e9 une s\u00e9rie enti\u00e8re dans ce contexte d&rsquo;\u00e9clairage, tu peux appliquer cette correction \u00e0 tous tes fichiers d&rsquo;un seul coup via la synchronisation.<\/p>\n\n\n<div class=\"wp-block-image\">\n<figure class=\"aligncenter size-full\"><img loading=\"lazy\" decoding=\"async\" width=\"1744\" height=\"981\" data-attachment-id=\"9367\" data-permalink=\"https:\/\/blogphotographie.com\/fr_fr\/la-charte-de-gris-en-photographie-a-quoi-ca-sert-vraiment\/lightroom-pipette-balance-blancs-charte-gris\/\" data-orig-file=\"https:\/\/blogphotographie.com\/wp-content\/uploads\/lightroom-pipette-balance-blancs-charte-gris.jpg\" data-orig-size=\"1744,981\" data-comments-opened=\"0\" data-image-meta=\"{&quot;aperture&quot;:&quot;0&quot;,&quot;credit&quot;:&quot;&quot;,&quot;camera&quot;:&quot;&quot;,&quot;caption&quot;:&quot;&quot;,&quot;created_timestamp&quot;:&quot;1777283828&quot;,&quot;copyright&quot;:&quot;&quot;,&quot;focal_length&quot;:&quot;0&quot;,&quot;iso&quot;:&quot;0&quot;,&quot;shutter_speed&quot;:&quot;0&quot;,&quot;title&quot;:&quot;&quot;,&quot;orientation&quot;:&quot;0&quot;}\" data-image-title=\"lightroom-pipette-balance-blancs-charte-gris\" data-image-description=\"\" data-image-caption=\"\" data-large-file=\"https:\/\/blogphotographie.com\/wp-content\/uploads\/lightroom-pipette-balance-blancs-charte-gris-1024x576.jpg\" src=\"https:\/\/blogphotographie.com\/wp-content\/uploads\/lightroom-pipette-balance-blancs-charte-gris.jpg\" alt=\"Utilisation de la pipette balance des blancs dans Lightroom Classic sur une charte de gris Lastolite tenue par une personne\" class=\"wp-image-9367\" srcset=\"https:\/\/blogphotographie.com\/wp-content\/uploads\/lightroom-pipette-balance-blancs-charte-gris.jpg 1744w, https:\/\/blogphotographie.com\/wp-content\/uploads\/lightroom-pipette-balance-blancs-charte-gris-300x169.jpg 300w, https:\/\/blogphotographie.com\/wp-content\/uploads\/lightroom-pipette-balance-blancs-charte-gris-1024x576.jpg 1024w, https:\/\/blogphotographie.com\/wp-content\/uploads\/lightroom-pipette-balance-blancs-charte-gris-768x432.jpg 768w, https:\/\/blogphotographie.com\/wp-content\/uploads\/lightroom-pipette-balance-blancs-charte-gris-1536x864.jpg 1536w, https:\/\/blogphotographie.com\/wp-content\/uploads\/lightroom-pipette-balance-blancs-charte-gris-18x10.jpg 18w\" sizes=\"auto, (max-width: 1744px) 100vw, 1744px\" \/><figcaption class=\"wp-element-caption\"><em>La pipette de balance des blancs dans Lightroom fait le travail en un clic. Les valeurs R, V et B quasi identiques confirment que le gris est neutre.<\/em><\/figcaption><\/figure>\n<\/div>\n\n\n<h3 class=\"wp-block-heading\">Mesurer l&rsquo;exposition correctement<\/h3>\n\n\n\n<p>Ce deuxi\u00e8me r\u00f4le est souvent n\u00e9glig\u00e9, et c&rsquo;est dommage. Rappelle-toi ce que je disais sur le posem\u00e8tre : il cherche toujours \u00e0 ramener l&rsquo;exposition \u00e0 un gris moyen. Si ton sujet principal est tr\u00e8s clair ou tr\u00e8s sombre, ton posem\u00e8tre va se tromper.<\/p>\n\n\n\n<p>En pla\u00e7ant ta charte de gris 18 % dans la sc\u00e8ne et en mesurant la lumi\u00e8re directement sur cette surface, tu donnes \u00e0 ton appareil exactement ce qu&rsquo;il cherche : un gris neutre calibr\u00e9. La mesure devient pr\u00e9cise. L&rsquo;exposition est juste. Pas de r\u00e9cup\u00e9ration de hautes lumi\u00e8res n\u00e9cessaire, pas de relev\u00e9e des ombres en post-traitement.<\/p>\n\n\n\n<p>Cette technique est particuli\u00e8rement efficace en mode de mesure spot ou en mode manuel. Avec un posem\u00e8tre \u00e0 main, c&rsquo;est encore plus pr\u00e9cis, car tu mesures la lumi\u00e8re incidente plut\u00f4t que r\u00e9fl\u00e9chie. L&rsquo;article <a href=\"https:\/\/blogphotographie.com\/fr_fr\/posemetre-en-photographie\/\">Posem\u00e8tre en photographie<\/a> entre dans ce d\u00e9tail si tu veux aller plus loin.<\/p>\n\n\n\n<h2 class=\"wp-block-heading\">Pourquoi les photographes l&rsquo;ont (presque) abandonn\u00e9e<\/h2>\n\n\n\n<p>Soyons honn\u00eates : dans la pratique quotidienne, beaucoup de photographes ne l&rsquo;utilisent plus vraiment. Et il y a des raisons valables.<\/p>\n\n\n\n<p>La premi\u00e8re, c&rsquo;est le RAW. Quand tu travailles en format RAW, la balance des blancs n&rsquo;est pas grav\u00e9e dans l&rsquo;image au moment de la prise de vue. Elle est enregistr\u00e9e comme une m\u00e9tadonn\u00e9e que tu peux ajuster librement en post-traitement, sans perte de qualit\u00e9. Si tes yeux sont bien calibr\u00e9s et que tu connais ton logiciel, tu peux compenser une balance des blancs approximative en quelques secondes.<\/p>\n\n\n\n<p>La deuxi\u00e8me raison, c&rsquo;est la pr\u00e9cision croissante des syst\u00e8mes d&rsquo;automatisation. La balance des blancs automatique des appareils hybrides r\u00e9cents est nettement meilleure que celle d&rsquo;il y a dix ans. Dans beaucoup de situations courantes, elle est suffisamment juste pour \u00e9viter une intervention manuelle.<\/p>\n\n\n\n<p>La troisi\u00e8me, c&rsquo;est la culture du flux de travail rapide. Les photographes qui livrent rapidement, qui shootent en \u00e9v\u00e9nementiel ou en famille, ont souvent adopt\u00e9 des profils de couleur et des pr\u00e9r\u00e9glages qui compensent globalement, sans passer par une r\u00e9f\u00e9rence par sc\u00e8ne.<\/p>\n\n\n\n<p>Enfin, la charte de gris demande de l&rsquo;organisation sur le terrain. Il faut la sortir, la placer correctement dans la sc\u00e8ne, m\u00e9moriser \u00e0 quelle image elle correspond dans la s\u00e9rie. Dans un contexte o\u00f9 le sujet bouge ou o\u00f9 la lumi\u00e8re change vite, c&rsquo;est un r\u00e9flexe qu&rsquo;on oublie facilement.<\/p>\n\n\n\n<h2 class=\"wp-block-heading\">Pourquoi elle reste utile malgr\u00e9 tout<\/h2>\n\n\n\n<p>Cela dit, il y a des situations o\u00f9 la charte de gris reste difficile \u00e0 remplacer.<\/p>\n\n\n\n<p>En studio avec de l&rsquo;\u00e9clairage artificiel contr\u00f4l\u00e9, les flashs et les lampes de mod\u00e9lisation ont des temp\u00e9ratures de couleur pr\u00e9cises mais variables selon leur \u00e2ge et leur intensit\u00e9. Deux flashs du m\u00eame fabricant n&rsquo;\u00e9mettent pas toujours exactement la m\u00eame teinte. Une charte de gris photographi\u00e9e dans chaque configuration d&rsquo;\u00e9clairage t&rsquo;assure une base de correction fiable pour toute la s\u00e9rie.<\/p>\n\n\n\n<p>En portrait professionnel, la pr\u00e9cision des teintes de peau est non n\u00e9gociable. Un l\u00e9ger d\u00e9calage vers le jaune ou le rouge peut changer compl\u00e8tement l&rsquo;apparence d&rsquo;un visage. La charte de gris t&rsquo;\u00e9vite de passer du temps en post-traitement \u00e0 deviner si c&rsquo;est la lumi\u00e8re ou le teint naturel du sujet.<\/p>\n\n\n\n<p>En photographie de produit ou commerciale, les clients ont des standards de couleur stricts. Que ce soit pour du catalogue, de l&rsquo;alimentaire ou de la bijouterie, les couleurs doivent \u00eatre fid\u00e8les. L\u00e0, la charte n&rsquo;est pas un luxe, c&rsquo;est une exigence.<\/p>\n\n\n\n<p>Et dans tout contexte o\u00f9 tu travailles en JPEG, la balance des blancs est fig\u00e9e \u00e0 la capture. Pas de retour en arri\u00e8re sans d\u00e9gradation de l&rsquo;image. La charte devient alors indispensable.<\/p>\n\n\n\n<h2 class=\"wp-block-heading\">Guide pratique : studio et ext\u00e9rieur<\/h2>\n\n\n\n<h3 class=\"wp-block-heading\">En studio<\/h3>\n\n\n\n<p>Le studio est l&rsquo;environnement id\u00e9al pour tirer le maximum de ta charte. L&rsquo;\u00e9clairage est stable et reproductible, ce qui te permet de calibrer une fois pour toute la session.<\/p>\n\n\n\n<p>Place la charte \u00e0 la distance et \u00e0 l&rsquo;angle de ton sujet, dans les m\u00eames conditions de lumi\u00e8re. Photographie-la avec les r\u00e9glages que tu comptes utiliser pour la s\u00e9rie. Assure-toi qu&rsquo;elle remplit une bonne portion du cadre, sans ombre ni reflet parasite. Cette image de r\u00e9f\u00e9rence sera ton point d&rsquo;ancrage pour toute la correction en post-traitement.<\/p>\n\n\n\n<p>Pour la mesure de l&rsquo;exposition, utilise le mode spot et vise directement la zone grise de la charte. L&rsquo;appareil va te donner une valeur d&rsquo;exposition pr\u00e9cise. Si tu utilises le mode manuel, ajuste tes param\u00e8tres pour que la charte apparaisse \u00e0 la bonne valeur sur ton histogramme, soit approximativement au centre. L&rsquo;article <a href=\"https:\/\/blogphotographie.com\/fr_fr\/comprendre-et-utiliser-lhistogramme\/\">Comprendre et Utiliser l&rsquo;Histogramme<\/a> t&rsquo;aide \u00e0 lire cette r\u00e9f\u00e9rence correctement.<\/p>\n\n\n\n<p>R\u00e9p\u00e8te l&rsquo;op\u00e9ration si tu changes de configuration d&rsquo;\u00e9clairage en cours de session.<\/p>\n\n\n\n<h3 class=\"wp-block-heading\">En ext\u00e9rieur<\/h3>\n\n\n\n<p>En ext\u00e9rieur, la lumi\u00e8re \u00e9volue constamment. Le soleil change de position, les nuages filtrent la teinte, le reflet du sol ou d&rsquo;un b\u00e2timent color\u00e9 influence subtilement les tons. La charte reste utile, mais ton approche doit s&rsquo;adapter.<\/p>\n\n\n\n<p>Photographie-la au d\u00e9but de chaque s\u00e9quence dans un contexte d&rsquo;\u00e9clairage donn\u00e9, pas une seule fois pour tout le tournage. Si tu passes d&rsquo;une zone ombrag\u00e9e \u00e0 une zone ensoleill\u00e9e, une nouvelle prise de r\u00e9f\u00e9rence s&rsquo;impose.<\/p>\n\n\n\n<p>Tiens la charte perpendiculaire \u00e0 la source de lumi\u00e8re principale, sans l&rsquo;incliner. Une charte en angle donne une r\u00e9flectance incorrecte et fausse ta mesure. Si la lumi\u00e8re est forte, un assistant peut tenir la charte pendant que tu ajustes ton appareil.<\/p>\n\n\n\n<p>Pour les portraits ext\u00e9rieurs \u00e0 la lumi\u00e8re naturelle, photographier la charte avec le premier cadrage d&rsquo;une s\u00e9rie suffit g\u00e9n\u00e9ralement, \u00e0 condition que la lumi\u00e8re reste stable. Sous un ciel couvert uniforme, une seule r\u00e9f\u00e9rence peut tenir pour toute une heure de shooting.<\/p>\n\n\n\n<p>En paysage, l&rsquo;usage de la charte pour la balance des blancs est plus rare, car les photographes de paysage acceptent souvent une certaine interpr\u00e9tation des couleurs comme composante artistique. C&rsquo;est un choix d\u00e9lib\u00e9r\u00e9, et ce n&rsquo;est pas le m\u00eame objectif que la fid\u00e9lit\u00e9 documentaire.<\/p>\n\n\n\n<h2 class=\"wp-block-heading\">Les alternatives modernes<\/h2>\n\n\n\n<p>La charte de gris simple a \u00e9volu\u00e9. La X-Rite ColorChecker Passport est aujourd&rsquo;hui la r\u00e9f\u00e9rence chez les photographes qui travaillent avec des exigences colorim\u00e9triques \u00e9lev\u00e9es.<\/p>\n\n\n<div class=\"wp-block-image\">\n<figure class=\"aligncenter size-full\"><img loading=\"lazy\" decoding=\"async\" width=\"2560\" height=\"1440\" data-attachment-id=\"9369\" data-permalink=\"https:\/\/blogphotographie.com\/fr_fr\/la-charte-de-gris-en-photographie-a-quoi-ca-sert-vraiment\/x-rite-colorchecker-passport-photographie\/\" data-orig-file=\"https:\/\/blogphotographie.com\/wp-content\/uploads\/x-rite-colorchecker-passport-photographie-scaled.jpg\" data-orig-size=\"2560,1440\" data-comments-opened=\"0\" data-image-meta=\"{&quot;aperture&quot;:&quot;0&quot;,&quot;credit&quot;:&quot;&quot;,&quot;camera&quot;:&quot;&quot;,&quot;caption&quot;:&quot;Upscaled with Gigapixel v1.1.3. 1296x729 =\\u0026gt; 2592x1458 (2x) @ 72 ppi Model: Standard V2, denoise: 0.21, sharpen: 0.19, decompression: 0.01&quot;,&quot;created_timestamp&quot;:&quot;1777283828&quot;,&quot;copyright&quot;:&quot;&quot;,&quot;focal_length&quot;:&quot;0&quot;,&quot;iso&quot;:&quot;0&quot;,&quot;shutter_speed&quot;:&quot;0&quot;,&quot;title&quot;:&quot;&quot;,&quot;orientation&quot;:&quot;0&quot;}\" data-image-title=\"x-rite-colorchecker-passport-photographie\" data-image-description=\"\" data-image-caption=\"\" data-large-file=\"https:\/\/blogphotographie.com\/wp-content\/uploads\/x-rite-colorchecker-passport-photographie-1024x576.jpg\" src=\"https:\/\/blogphotographie.com\/wp-content\/uploads\/x-rite-colorchecker-passport-photographie-scaled.jpg\" alt=\"X-Rite ColorChecker Passport pour l'\u00e9talonnage couleur en photographie professionnelle\" class=\"wp-image-9369\" srcset=\"https:\/\/blogphotographie.com\/wp-content\/uploads\/x-rite-colorchecker-passport-photographie-scaled.jpg 2560w, https:\/\/blogphotographie.com\/wp-content\/uploads\/x-rite-colorchecker-passport-photographie-300x169.jpg 300w, https:\/\/blogphotographie.com\/wp-content\/uploads\/x-rite-colorchecker-passport-photographie-1024x576.jpg 1024w, https:\/\/blogphotographie.com\/wp-content\/uploads\/x-rite-colorchecker-passport-photographie-768x432.jpg 768w, https:\/\/blogphotographie.com\/wp-content\/uploads\/x-rite-colorchecker-passport-photographie-1536x864.jpg 1536w, https:\/\/blogphotographie.com\/wp-content\/uploads\/x-rite-colorchecker-passport-photographie-2048x1152.jpg 2048w, https:\/\/blogphotographie.com\/wp-content\/uploads\/x-rite-colorchecker-passport-photographie-18x10.jpg 18w\" sizes=\"auto, (max-width: 2560px) 100vw, 2560px\" \/><figcaption class=\"wp-element-caption\"><em>La X-Rite ColorChecker va au-del\u00e0 de la charte de gris : elle permet de cr\u00e9er un profil colorim\u00e9trique personnalis\u00e9 pour chaque appareil.<\/em><\/figcaption><\/figure>\n<\/div>\n\n\n<p>Ce n&rsquo;est plus seulement un carton gris. C&rsquo;est une cible de 24 teintes scientifiquement calibr\u00e9es, incluant plusieurs niveaux de gris, des teintes de peau, des couleurs primaires et des teintes m\u00e9moire. Combin\u00e9e \u00e0 un logiciel comme le X-Rite ColorChecker Camera Calibration, elle te permet de cr\u00e9er un profil ICC personnalis\u00e9 pour ton bo\u00eetier et tes objectifs, dans des conditions pr\u00e9cises.<\/p>\n\n\n\n<p>En pratique, tu photographies la cible, tu importes l&rsquo;image dans le logiciel, et celui-ci g\u00e9n\u00e8re un profil que tu appliques comme point de d\u00e9part dans Lightroom ou Capture One. Tes couleurs sont calibr\u00e9es \u00e0 la source, pas corrig\u00e9es apr\u00e8s coup.<\/p>\n\n\n\n<p>C&rsquo;est le niveau au-dessus de la simple charte de gris, pertinent si tu fais de la photographie de produit, de l&rsquo;archivage documentaire, ou si tu veux une coh\u00e9rence parfaite entre plusieurs bo\u00eetiers.<\/p>\n\n\n\n<h2 class=\"wp-block-heading\">Quoi acheter? Trouver le bon produit<\/h2>\n\n\n\n<p>Tu n&rsquo;as pas \u00e0 investir une fortune pour d\u00e9buter avec la charte de gris. Voici les points d&rsquo;entr\u00e9e les plus pratiques.<\/p>\n\n\n\n<p>Pour une charte d&rsquo;entr\u00e9e de gamme fiable, tu trouveras des mod\u00e8les combin\u00e9s gris et blanc \u00e0 bon prix sur <a href=\"https:\/\/www.amazon.ca\/s?k=charte+gris+18%25+photographie&amp;crid=TQAFN8O68DOF&amp;sprefix=%2Caps%2C99&amp;ref=nb_sb_ss_recent_4_0_recent\" target=\"_blank\" rel=\"noreferrer noopener\">Amazon.ca<\/a>. Cherche les marques Lastolite, Photographic Solutions ou des \u00e9quivalents rigides avec une surface mate. \u00c9vite les impressions maison sur du papier ordinaire : la pr\u00e9cision \u00e0 18 % n&rsquo;est pas garantie et ta calibration serait fauss\u00e9e.<\/p>\n\n\n\n<p>Pour un usage plus professionnel, la X-Rite ColorChecker Passport est disponible directement sur le site de <a href=\"https:\/\/www.xrite.com\/categories\/calibration-profiling\/colorchecker-passport-photo-2\" target=\"_blank\" rel=\"noreferrer noopener\">X-Rite<\/a> ou via des d\u00e9taillants sp\u00e9cialis\u00e9s comme <a href=\"https:\/\/www.vistek.ca\/\" target=\"_blank\" rel=\"noreferrer noopener\">Vistek<\/a>, <a href=\"https:\/\/www.henrys.com\/\" type=\"link\" id=\"https:\/\/www.henrys.com\/\" target=\"_blank\" rel=\"noreferrer noopener\">henry&rsquo;s<\/a> et <a href=\"https:\/\/gosselinphoto.ca\/\" target=\"_blank\" rel=\"noreferrer noopener\">Gosselin<\/a>. Le format de poche et l&rsquo;\u00e9tui int\u00e9gr\u00e9 en font un outil pratique \u00e0 glisser dans ta sacoche.<\/p>\n\n\n\n<p><strong>Une derni\u00e8re chose \u00e0 surveiller :<\/strong> prends soin de ta charte. Une surface salie, griff\u00e9e ou d\u00e9color\u00e9e par le soleil ne r\u00e9fl\u00e9chit plus \u00e0 18 %. Range-la dans son \u00e9tui et nettroie-la avec un chiffon microfibre propre.<\/p>\n\n\n\n<h2 class=\"wp-block-heading\">Liens connexes<\/h2>\n\n\n\n<ul class=\"wp-block-list\">\n<li><a href=\"https:\/\/blogphotographie.com\/fr_fr\/la-balance-des-blancs\/\">La balance des blancs<\/a><\/li>\n\n\n\n<li><a href=\"https:\/\/blogphotographie.com\/fr_fr\/posemetre-en-photographie\/\">Posem\u00e8tre en photographie<\/a><\/li>\n\n\n\n<li><a href=\"https:\/\/blogphotographie.com\/fr_fr\/comprendre-la-mesure-de-la-lumiere-en-photographie\/\">Comprendre la Mesure de la Lumi\u00e8re en Photographie<\/a><\/li>\n\n\n\n<li><a href=\"https:\/\/blogphotographie.com\/fr_fr\/photographier-en-basse-lumiere\/\">Photographier en basse lumi\u00e8re : comprendre la diffusion et ma\u00eetriser l&rsquo;EV<\/a><\/li>\n\n\n\n<li><a href=\"https:\/\/blogphotographie.com\/fr_fr\/utiliser-un-profil-icc-avant-limpression-photo-pourquoi-et-comment\/\">Utiliser un profil ICC avant l&rsquo;impression photo, pourquoi et comment<\/a><\/li>\n<\/ul>\n\n\n\n<figure class=\"wp-block-image size-full\"><img loading=\"lazy\" decoding=\"async\" width=\"1920\" height=\"237\" data-attachment-id=\"5579\" data-permalink=\"https:\/\/blogphotographie.com\/fr_fr\/modes-de-mesure-en-photographie\/faq\/\" data-orig-file=\"https:\/\/blogphotographie.com\/wp-content\/uploads\/faq.jpg\" data-orig-size=\"1920,237\" data-comments-opened=\"1\" data-image-meta=\"{&quot;aperture&quot;:&quot;0&quot;,&quot;credit&quot;:&quot;&quot;,&quot;camera&quot;:&quot;&quot;,&quot;caption&quot;:&quot;&quot;,&quot;created_timestamp&quot;:&quot;0&quot;,&quot;copyright&quot;:&quot;&quot;,&quot;focal_length&quot;:&quot;0&quot;,&quot;iso&quot;:&quot;0&quot;,&quot;shutter_speed&quot;:&quot;0&quot;,&quot;title&quot;:&quot;&quot;,&quot;orientation&quot;:&quot;0&quot;}\" data-image-title=\"faq\" data-image-description=\"\" data-image-caption=\"\" data-large-file=\"https:\/\/blogphotographie.com\/wp-content\/uploads\/faq.jpg\" src=\"https:\/\/blogphotographie.com\/wp-content\/uploads\/faq.jpg\" alt=\"\" class=\"wp-image-5579\" srcset=\"https:\/\/blogphotographie.com\/wp-content\/uploads\/faq.jpg 1920w, https:\/\/blogphotographie.com\/wp-content\/uploads\/faq-1225x151.jpg 1225w, https:\/\/blogphotographie.com\/wp-content\/uploads\/faq-768x95.jpg 768w, https:\/\/blogphotographie.com\/wp-content\/uploads\/faq-1536x189.jpg 1536w, https:\/\/blogphotographie.com\/wp-content\/uploads\/faq-2048x252.jpg 2048w, https:\/\/blogphotographie.com\/wp-content\/uploads\/faq-18x2.jpg 18w, https:\/\/blogphotographie.com\/wp-content\/uploads\/faq-335x41.jpg 335w, https:\/\/blogphotographie.com\/wp-content\/uploads\/faq-1050x129.jpg 1050w\" sizes=\"auto, (max-width: 1920px) 100vw, 1920px\" \/><\/figure>\n\n\n\n<h2 class=\"wp-block-heading\">Foire aux questions<\/h2>\n\n\n\n<p><strong>Quelle est la diff\u00e9rence entre une charte de gris 18 % et une carte grise ordinaire?<\/strong> Une carte grise ordinaire n&rsquo;a aucune pr\u00e9cision colorim\u00e9trique garantie. La charte 18 % est fabriqu\u00e9e pour r\u00e9fl\u00e9chir exactement 18 % de la lumi\u00e8re incidente, ce qui correspond \u00e0 la valeur m\u00e9diane \u00e0 laquelle les posem\u00e8tres d&rsquo;appareil photo sont calibr\u00e9s. Utiliser une surface non calibr\u00e9e donne des r\u00e9sultats impr\u00e9visibles.<\/p>\n\n\n\n<p><strong>Est-ce que la charte de gris fonctionne avec un smartphone?<\/strong> Oui, dans une certaine mesure. Certaines applications de post-traitement sur mobile permettent d&rsquo;utiliser une pipette de balance des blancs sur une zone de r\u00e9f\u00e9rence. Cela dit, les smartphones traitent les couleurs en interne de fa\u00e7on plus agressive, et l&rsquo;impact est souvent moins pr\u00e9cis qu&rsquo;avec un appareil photo d\u00e9di\u00e9.<\/p>\n\n\n\n<p><strong>Dois-je photographier la charte \u00e0 chaque d\u00e9clenchement?<\/strong> Non. Une seule photo de r\u00e9f\u00e9rence au d\u00e9but d&rsquo;une s\u00e9quence dans un contexte d&rsquo;\u00e9clairage stable suffit. Si la lumi\u00e8re change, une nouvelle prise est n\u00e9cessaire. En studio avec des flashs stables, une r\u00e9f\u00e9rence par configuration d&rsquo;\u00e9clairage est suffisante.<\/p>\n\n\n\n<p><strong>Est-ce que \u00e7a fonctionne aussi en vid\u00e9o?<\/strong> Tout \u00e0 fait. La charte de gris est tr\u00e8s utilis\u00e9e en vid\u00e9o, souvent au d\u00e9but de chaque sc\u00e8ne, pour permettre l&rsquo;\u00e9talonnage colorim\u00e9trique en post-production. C&rsquo;est une pratique standard dans les tournages professionnels.<\/p>\n\n\n\n<p><strong>La balance des blancs automatique de mon appareil hybride r\u00e9cent est tr\u00e8s pr\u00e9cise. Ai-je encore besoin d&rsquo;une charte?<\/strong> En usage courant et en RAW, tu peux souvent t&rsquo;en passer. Mais d\u00e8s que tu travailles avec des exigences de fid\u00e9lit\u00e9 colorim\u00e9trique \u00e9lev\u00e9es (portrait pro, produit, livraison de fichiers JPEG), la charte reste le moyen le plus rapide d&rsquo;obtenir une base juste. Elle \u00e9vite du temps de correction en post-traitement.<\/p>\n\n\n\n<p><strong>Peut-on utiliser une feuille de papier blanc \u00e0 la place d&rsquo;une charte de gris?<\/strong> Pour la balance des blancs uniquement, une feuille de papier blanc peut d\u00e9panner. C&rsquo;est la m\u00e9thode d&rsquo;urgence. Par contre, pour la mesure de l&rsquo;exposition, \u00e7a ne fonctionne pas : une surface blanche r\u00e9fl\u00e9chit environ 90 % de la lumi\u00e8re, pas 18 %. Les valeurs d&rsquo;exposition obtenues seraient incorrectes.<\/p>\n\n\n\n<p><strong>Quelle est la diff\u00e9rence entre une charte de gris et une X-Rite ColorChecker?<\/strong> La charte de gris simple calibre principalement la balance des blancs et l&rsquo;exposition. La X-Rite ColorChecker fait tout \u00e7a, mais elle permet en plus de cr\u00e9er un profil colorim\u00e9trique complet pour ton bo\u00eetier, couvrant l&rsquo;ensemble du spectre de couleurs visible. C&rsquo;est un outil nettement plus puissant, mais aussi plus co\u00fbteux et plus complexe \u00e0 utiliser.<\/p>\n\n\n\n<p><strong>Est-ce que la taille de la charte de gris a de l&rsquo;importance?<\/strong> Oui, dans une certaine mesure. Ta charte doit \u00eatre assez grande pour que tu puisses isoler proprement une zone grise lors de la prise de r\u00e9f\u00e9rence, sans que des bords ou des reflets parasites n&rsquo;interf\u00e8rent. En pratique, un format de 20 x 25 cm est confortable en studio. En ext\u00e9rieur ou pour un usage compact, des formats plus petits (15 x 20 cm) fonctionnent bien.<\/p>\n\n\n\n<p><strong>Faut-il utiliser la charte pour chaque client en portrait?<\/strong> Si tu travailles en studio avec une configuration d&rsquo;\u00e9clairage r\u00e9p\u00e9table, une r\u00e9f\u00e9rence par type de configuration est suffisante. Si chaque client arrive dans une configuration diff\u00e9rente ou si tu ajustes r\u00e9guli\u00e8rement tes sources, prendre une nouvelle r\u00e9f\u00e9rence en d\u00e9but de session est une bonne habitude qui te fait gagner du temps en post-traitement.<\/p>","protected":false},"excerpt":{"rendered":"<p>La charte de gris est un outil que beaucoup de photographes ont rang\u00e9 dans un tiroir. Pourtant, elle remplit deux fonctions bien distinctes que m\u00eame les appareils modernes ne g\u00e8rent pas toujours parfaitement. Tu vas d\u00e9couvrir ce qu&rsquo;elle fait vraiment, quand la sortir et quand la laisser de c\u00f4t\u00e9.<\/p>","protected":false},"author":1,"featured_media":9363,"comment_status":"closed","ping_status":"closed","sticky":false,"template":"","format":"standard","meta":{"_kad_post_transparent":"","_kad_post_title":"","_kad_post_layout":"","_kad_post_sidebar_id":"","_kad_post_content_style":"","_kad_post_vertical_padding":"","_kad_post_feature":"","_kad_post_feature_position":"","_kad_post_header":false,"_kad_post_footer":false,"_kad_post_classname":"","jetpack_post_was_ever_published":false,"_jetpack_newsletter_access":"","_jetpack_dont_email_post_to_subs":false,"_jetpack_newsletter_tier_id":0,"_jetpack_memberships_contains_paywalled_content":false,"_jetpack_memberships_contains_paid_content":false,"footnotes":""},"categories":[2958,2959],"tags":[805,3097,3092,3094,3093,133,2246,3096,3095,2217],"class_list":["post-9361","post","type-post","status-publish","format-standard","has-post-thumbnail","hentry","category-loutil","category-la-lumiere","tag-balance-des-blancs","tag-calibration","tag-charte-de-gris","tag-colorchecker","tag-etalonnage-couleur","tag-exposition","tag-gris-18","tag-outil-photographique","tag-photographie-exterieur","tag-photographie-studio"],"yoast_head":"<!-- This site is optimized with the Yoast SEO plugin v27.4 - https:\/\/yoast.com\/product\/yoast-seo-wordpress\/ -->\n<title>La charte de gris en photographie : \u00e0 quoi \u00e7a sert vraiment? - Blog photographie<\/title>\n<meta name=\"description\" content=\"La charte de gris 18 % : deux r\u00f4les que tu ignores peut-\u00eatre. Calibre ta balance des blancs ET ton exposition. Guide pratique studio et ext\u00e9rieur.\" \/>\n<meta name=\"robots\" content=\"index, follow, max-snippet:-1, max-image-preview:large, max-video-preview:-1\" \/>\n<link rel=\"canonical\" href=\"https:\/\/blogphotographie.com\/fr_fr\/la-charte-de-gris-en-photographie-a-quoi-ca-sert-vraiment\/\" \/>\n<meta property=\"og:locale\" content=\"fr_FR\" \/>\n<meta property=\"og:type\" content=\"article\" \/>\n<meta property=\"og:title\" content=\"La charte de gris en photographie : \u00e0 quoi \u00e7a sert vraiment? - Blog photographie\" \/>\n<meta property=\"og:description\" content=\"La charte de gris 18 % : deux r\u00f4les que tu ignores peut-\u00eatre. Calibre ta balance des blancs ET ton exposition. Guide pratique studio et ext\u00e9rieur.\" \/>\n<meta property=\"og:url\" content=\"https:\/\/blogphotographie.com\/fr_fr\/la-charte-de-gris-en-photographie-a-quoi-ca-sert-vraiment\/\" \/>\n<meta property=\"og:site_name\" content=\"Blog photographie\" \/>\n<meta property=\"article:publisher\" content=\"https:\/\/www.facebook.com\/leblogphotographie\" \/>\n<meta property=\"article:author\" content=\"https:\/\/www.facebook.com\/leblogphotographie\" \/>\n<meta property=\"article:published_time\" content=\"2026-04-27T16:20:15+00:00\" \/>\n<meta property=\"article:modified_time\" content=\"2026-04-27T16:20:21+00:00\" \/>\n<meta property=\"og:image\" content=\"https:\/\/blogphotographie.com\/wp-content\/uploads\/La-charte-de-gris-en-photographie-a-quoi-ca-sert-vraiment.jpg\" \/>\n\t<meta property=\"og:image:width\" content=\"1931\" \/>\n\t<meta property=\"og:image:height\" content=\"1086\" \/>\n\t<meta property=\"og:image:type\" content=\"image\/jpeg\" \/>\n<meta name=\"author\" content=\"Blog Photographie\" \/>\n<meta name=\"twitter:card\" content=\"summary_large_image\" \/>\n<meta name=\"twitter:creator\" content=\"@sylvainxperrier\" \/>\n<meta name=\"twitter:site\" content=\"@sylvainxperrier\" \/>\n<meta name=\"twitter:label1\" content=\"\u00c9crit par\" \/>\n\t<meta name=\"twitter:data1\" content=\"Blog Photographie\" \/>\n\t<meta name=\"twitter:label2\" content=\"Dur\u00e9e de lecture estim\u00e9e\" \/>\n\t<meta name=\"twitter:data2\" content=\"15 minutes\" \/>\n<script type=\"application\/ld+json\" class=\"yoast-schema-graph\">{\"@context\":\"https:\\\/\\\/schema.org\",\"@graph\":[{\"@type\":\"Article\",\"@id\":\"https:\\\/\\\/blogphotographie.com\\\/la-charte-de-gris-en-photographie-a-quoi-ca-sert-vraiment\\\/#article\",\"isPartOf\":{\"@id\":\"https:\\\/\\\/blogphotographie.com\\\/la-charte-de-gris-en-photographie-a-quoi-ca-sert-vraiment\\\/\"},\"author\":{\"name\":\"Blog Photographie\",\"@id\":\"https:\\\/\\\/blogphotographie.com\\\/#\\\/schema\\\/person\\\/5059e59b1012006c7ca43b6330053a01\"},\"headline\":\"La charte de gris en photographie : \u00e0 quoi \u00e7a sert vraiment?\",\"datePublished\":\"2026-04-27T16:20:15+00:00\",\"dateModified\":\"2026-04-27T16:20:21+00:00\",\"mainEntityOfPage\":{\"@id\":\"https:\\\/\\\/blogphotographie.com\\\/la-charte-de-gris-en-photographie-a-quoi-ca-sert-vraiment\\\/\"},\"wordCount\":2868,\"publisher\":{\"@id\":\"https:\\\/\\\/blogphotographie.com\\\/#\\\/schema\\\/person\\\/5059e59b1012006c7ca43b6330053a01\"},\"image\":{\"@id\":\"https:\\\/\\\/blogphotographie.com\\\/la-charte-de-gris-en-photographie-a-quoi-ca-sert-vraiment\\\/#primaryimage\"},\"thumbnailUrl\":\"https:\\\/\\\/blogphotographie.com\\\/wp-content\\\/uploads\\\/La-charte-de-gris-en-photographie-a-quoi-ca-sert-vraiment.jpg\",\"keywords\":[\"balance des blancs\",\"calibration\",\"charte de gris\",\"ColorChecker\",\"\u00e9talonnage couleur\",\"Exposition\",\"gris 18%\",\"outil photographique\",\"photographie ext\u00e9rieur\",\"photographie studio\"],\"articleSection\":[\"L\u2019Outil\",\"La Lumi\u00e8re\"],\"inLanguage\":\"fr-FR\"},{\"@type\":\"WebPage\",\"@id\":\"https:\\\/\\\/blogphotographie.com\\\/la-charte-de-gris-en-photographie-a-quoi-ca-sert-vraiment\\\/\",\"url\":\"https:\\\/\\\/blogphotographie.com\\\/la-charte-de-gris-en-photographie-a-quoi-ca-sert-vraiment\\\/\",\"name\":\"La charte de gris en photographie : \u00e0 quoi \u00e7a sert vraiment? - Blog photographie\",\"isPartOf\":{\"@id\":\"https:\\\/\\\/blogphotographie.com\\\/#website\"},\"primaryImageOfPage\":{\"@id\":\"https:\\\/\\\/blogphotographie.com\\\/la-charte-de-gris-en-photographie-a-quoi-ca-sert-vraiment\\\/#primaryimage\"},\"image\":{\"@id\":\"https:\\\/\\\/blogphotographie.com\\\/la-charte-de-gris-en-photographie-a-quoi-ca-sert-vraiment\\\/#primaryimage\"},\"thumbnailUrl\":\"https:\\\/\\\/blogphotographie.com\\\/wp-content\\\/uploads\\\/La-charte-de-gris-en-photographie-a-quoi-ca-sert-vraiment.jpg\",\"datePublished\":\"2026-04-27T16:20:15+00:00\",\"dateModified\":\"2026-04-27T16:20:21+00:00\",\"description\":\"La charte de gris 18 % : deux r\u00f4les que tu ignores peut-\u00eatre. Calibre ta balance des blancs ET ton exposition. Guide pratique studio et ext\u00e9rieur.\",\"breadcrumb\":{\"@id\":\"https:\\\/\\\/blogphotographie.com\\\/la-charte-de-gris-en-photographie-a-quoi-ca-sert-vraiment\\\/#breadcrumb\"},\"inLanguage\":\"fr-FR\",\"potentialAction\":[{\"@type\":\"ReadAction\",\"target\":[\"https:\\\/\\\/blogphotographie.com\\\/la-charte-de-gris-en-photographie-a-quoi-ca-sert-vraiment\\\/\"]}]},{\"@type\":\"ImageObject\",\"inLanguage\":\"fr-FR\",\"@id\":\"https:\\\/\\\/blogphotographie.com\\\/la-charte-de-gris-en-photographie-a-quoi-ca-sert-vraiment\\\/#primaryimage\",\"url\":\"https:\\\/\\\/blogphotographie.com\\\/wp-content\\\/uploads\\\/La-charte-de-gris-en-photographie-a-quoi-ca-sert-vraiment.jpg\",\"contentUrl\":\"https:\\\/\\\/blogphotographie.com\\\/wp-content\\\/uploads\\\/La-charte-de-gris-en-photographie-a-quoi-ca-sert-vraiment.jpg\",\"width\":1931,\"height\":1086,\"caption\":\"La charte de gris en photographie \u00e0 quoi \u00e7a sert vraiment\"},{\"@type\":\"BreadcrumbList\",\"@id\":\"https:\\\/\\\/blogphotographie.com\\\/la-charte-de-gris-en-photographie-a-quoi-ca-sert-vraiment\\\/#breadcrumb\",\"itemListElement\":[{\"@type\":\"ListItem\",\"position\":1,\"name\":\"Accueil\",\"item\":\"https:\\\/\\\/blogphotographie.com\\\/\"},{\"@type\":\"ListItem\",\"position\":2,\"name\":\"La charte de gris en photographie : \u00e0 quoi \u00e7a sert vraiment?\"}]},{\"@type\":\"WebSite\",\"@id\":\"https:\\\/\\\/blogphotographie.com\\\/#website\",\"url\":\"https:\\\/\\\/blogphotographie.com\\\/\",\"name\":\"Blog photographie\",\"description\":\"Le Chemin Photographique \u2014 De l\u2019\u0152il \u00e0 l\u2019Image\",\"publisher\":{\"@id\":\"https:\\\/\\\/blogphotographie.com\\\/#\\\/schema\\\/person\\\/5059e59b1012006c7ca43b6330053a01\"},\"potentialAction\":[{\"@type\":\"SearchAction\",\"target\":{\"@type\":\"EntryPoint\",\"urlTemplate\":\"https:\\\/\\\/blogphotographie.com\\\/?s={search_term_string}\"},\"query-input\":{\"@type\":\"PropertyValueSpecification\",\"valueRequired\":true,\"valueName\":\"search_term_string\"}}],\"inLanguage\":\"fr-FR\"},{\"@type\":[\"Person\",\"Organization\"],\"@id\":\"https:\\\/\\\/blogphotographie.com\\\/#\\\/schema\\\/person\\\/5059e59b1012006c7ca43b6330053a01\",\"name\":\"Blog Photographie\",\"image\":{\"@type\":\"ImageObject\",\"inLanguage\":\"fr-FR\",\"@id\":\"https:\\\/\\\/blogphotographie.com\\\/wp-content\\\/uploads\\\/logo.png\",\"url\":\"https:\\\/\\\/blogphotographie.com\\\/wp-content\\\/uploads\\\/logo.png\",\"contentUrl\":\"https:\\\/\\\/blogphotographie.com\\\/wp-content\\\/uploads\\\/logo.png\",\"width\":800,\"height\":800,\"caption\":\"Blog Photographie\"},\"logo\":{\"@id\":\"https:\\\/\\\/blogphotographie.com\\\/wp-content\\\/uploads\\\/logo.png\"},\"sameAs\":[\"https:\\\/\\\/blogphotographie.com\",\"https:\\\/\\\/www.facebook.com\\\/leblogphotographie\",\"https:\\\/\\\/www.instagram.com\\\/leblogphotographie\",\"https:\\\/\\\/www.pinterest.ca\\\/sylvain_perrier\",\"https:\\\/\\\/x.com\\\/sylvainxperrier\",\"https:\\\/\\\/www.youtube.com\\\/user\\\/lencadreursylvain\",\"https:\\\/\\\/www.tumblr.com\\\/blog\\\/sylvainperrierfotografi\"]}]}<\/script>\n<!-- \/ Yoast SEO plugin. -->","yoast_head_json":{"title":"La charte de gris en photographie : \u00e0 quoi \u00e7a sert vraiment? - Blog photographie","description":"La charte de gris 18 % : deux r\u00f4les que tu ignores peut-\u00eatre. Calibre ta balance des blancs ET ton exposition. Guide pratique studio et ext\u00e9rieur.","robots":{"index":"index","follow":"follow","max-snippet":"max-snippet:-1","max-image-preview":"max-image-preview:large","max-video-preview":"max-video-preview:-1"},"canonical":"https:\/\/blogphotographie.com\/fr_fr\/la-charte-de-gris-en-photographie-a-quoi-ca-sert-vraiment\/","og_locale":"fr_FR","og_type":"article","og_title":"La charte de gris en photographie : \u00e0 quoi \u00e7a sert vraiment? - Blog photographie","og_description":"La charte de gris 18 % : deux r\u00f4les que tu ignores peut-\u00eatre. Calibre ta balance des blancs ET ton exposition. Guide pratique studio et ext\u00e9rieur.","og_url":"https:\/\/blogphotographie.com\/fr_fr\/la-charte-de-gris-en-photographie-a-quoi-ca-sert-vraiment\/","og_site_name":"Blog photographie","article_publisher":"https:\/\/www.facebook.com\/leblogphotographie","article_author":"https:\/\/www.facebook.com\/leblogphotographie","article_published_time":"2026-04-27T16:20:15+00:00","article_modified_time":"2026-04-27T16:20:21+00:00","og_image":[{"width":1931,"height":1086,"url":"https:\/\/blogphotographie.com\/wp-content\/uploads\/La-charte-de-gris-en-photographie-a-quoi-ca-sert-vraiment.jpg","type":"image\/jpeg"}],"author":"Blog Photographie","twitter_card":"summary_large_image","twitter_creator":"@sylvainxperrier","twitter_site":"@sylvainxperrier","twitter_misc":{"\u00c9crit par":"Blog Photographie","Dur\u00e9e de lecture estim\u00e9e":"15 minutes"},"schema":{"@context":"https:\/\/schema.org","@graph":[{"@type":"Article","@id":"https:\/\/blogphotographie.com\/la-charte-de-gris-en-photographie-a-quoi-ca-sert-vraiment\/#article","isPartOf":{"@id":"https:\/\/blogphotographie.com\/la-charte-de-gris-en-photographie-a-quoi-ca-sert-vraiment\/"},"author":{"name":"Blog Photographie","@id":"https:\/\/blogphotographie.com\/#\/schema\/person\/5059e59b1012006c7ca43b6330053a01"},"headline":"La charte de gris en photographie : \u00e0 quoi \u00e7a sert vraiment?","datePublished":"2026-04-27T16:20:15+00:00","dateModified":"2026-04-27T16:20:21+00:00","mainEntityOfPage":{"@id":"https:\/\/blogphotographie.com\/la-charte-de-gris-en-photographie-a-quoi-ca-sert-vraiment\/"},"wordCount":2868,"publisher":{"@id":"https:\/\/blogphotographie.com\/#\/schema\/person\/5059e59b1012006c7ca43b6330053a01"},"image":{"@id":"https:\/\/blogphotographie.com\/la-charte-de-gris-en-photographie-a-quoi-ca-sert-vraiment\/#primaryimage"},"thumbnailUrl":"https:\/\/blogphotographie.com\/wp-content\/uploads\/La-charte-de-gris-en-photographie-a-quoi-ca-sert-vraiment.jpg","keywords":["balance des blancs","calibration","charte de gris","ColorChecker","\u00e9talonnage couleur","Exposition","gris 18%","outil photographique","photographie ext\u00e9rieur","photographie studio"],"articleSection":["L\u2019Outil","La Lumi\u00e8re"],"inLanguage":"fr-FR"},{"@type":"WebPage","@id":"https:\/\/blogphotographie.com\/la-charte-de-gris-en-photographie-a-quoi-ca-sert-vraiment\/","url":"https:\/\/blogphotographie.com\/la-charte-de-gris-en-photographie-a-quoi-ca-sert-vraiment\/","name":"La charte de gris en photographie : \u00e0 quoi \u00e7a sert vraiment? - Blog photographie","isPartOf":{"@id":"https:\/\/blogphotographie.com\/#website"},"primaryImageOfPage":{"@id":"https:\/\/blogphotographie.com\/la-charte-de-gris-en-photographie-a-quoi-ca-sert-vraiment\/#primaryimage"},"image":{"@id":"https:\/\/blogphotographie.com\/la-charte-de-gris-en-photographie-a-quoi-ca-sert-vraiment\/#primaryimage"},"thumbnailUrl":"https:\/\/blogphotographie.com\/wp-content\/uploads\/La-charte-de-gris-en-photographie-a-quoi-ca-sert-vraiment.jpg","datePublished":"2026-04-27T16:20:15+00:00","dateModified":"2026-04-27T16:20:21+00:00","description":"La charte de gris 18 % : deux r\u00f4les que tu ignores peut-\u00eatre. Calibre ta balance des blancs ET ton exposition. Guide pratique studio et ext\u00e9rieur.","breadcrumb":{"@id":"https:\/\/blogphotographie.com\/la-charte-de-gris-en-photographie-a-quoi-ca-sert-vraiment\/#breadcrumb"},"inLanguage":"fr-FR","potentialAction":[{"@type":"ReadAction","target":["https:\/\/blogphotographie.com\/la-charte-de-gris-en-photographie-a-quoi-ca-sert-vraiment\/"]}]},{"@type":"ImageObject","inLanguage":"fr-FR","@id":"https:\/\/blogphotographie.com\/la-charte-de-gris-en-photographie-a-quoi-ca-sert-vraiment\/#primaryimage","url":"https:\/\/blogphotographie.com\/wp-content\/uploads\/La-charte-de-gris-en-photographie-a-quoi-ca-sert-vraiment.jpg","contentUrl":"https:\/\/blogphotographie.com\/wp-content\/uploads\/La-charte-de-gris-en-photographie-a-quoi-ca-sert-vraiment.jpg","width":1931,"height":1086,"caption":"La charte de gris en photographie \u00e0 quoi \u00e7a sert vraiment"},{"@type":"BreadcrumbList","@id":"https:\/\/blogphotographie.com\/la-charte-de-gris-en-photographie-a-quoi-ca-sert-vraiment\/#breadcrumb","itemListElement":[{"@type":"ListItem","position":1,"name":"Accueil","item":"https:\/\/blogphotographie.com\/"},{"@type":"ListItem","position":2,"name":"La charte de gris en photographie : \u00e0 quoi \u00e7a sert vraiment?"}]},{"@type":"WebSite","@id":"https:\/\/blogphotographie.com\/#website","url":"https:\/\/blogphotographie.com\/","name":"Blog photographie","description":"Le Chemin Photographique \u2014 De l\u2019\u0152il \u00e0 l\u2019Image","publisher":{"@id":"https:\/\/blogphotographie.com\/#\/schema\/person\/5059e59b1012006c7ca43b6330053a01"},"potentialAction":[{"@type":"SearchAction","target":{"@type":"EntryPoint","urlTemplate":"https:\/\/blogphotographie.com\/?s={search_term_string}"},"query-input":{"@type":"PropertyValueSpecification","valueRequired":true,"valueName":"search_term_string"}}],"inLanguage":"fr-FR"},{"@type":["Person","Organization"],"@id":"https:\/\/blogphotographie.com\/#\/schema\/person\/5059e59b1012006c7ca43b6330053a01","name":"Blog Photographie","image":{"@type":"ImageObject","inLanguage":"fr-FR","@id":"https:\/\/blogphotographie.com\/wp-content\/uploads\/logo.png","url":"https:\/\/blogphotographie.com\/wp-content\/uploads\/logo.png","contentUrl":"https:\/\/blogphotographie.com\/wp-content\/uploads\/logo.png","width":800,"height":800,"caption":"Blog Photographie"},"logo":{"@id":"https:\/\/blogphotographie.com\/wp-content\/uploads\/logo.png"},"sameAs":["https:\/\/blogphotographie.com","https:\/\/www.facebook.com\/leblogphotographie","https:\/\/www.instagram.com\/leblogphotographie","https:\/\/www.pinterest.ca\/sylvain_perrier","https:\/\/x.com\/sylvainxperrier","https:\/\/www.youtube.com\/user\/lencadreursylvain","https:\/\/www.tumblr.com\/blog\/sylvainperrierfotografi"]}]}},"jetpack_featured_media_url":"https:\/\/blogphotographie.com\/wp-content\/uploads\/La-charte-de-gris-en-photographie-a-quoi-ca-sert-vraiment.jpg","jetpack_sharing_enabled":true,"jetpack_likes_enabled":true,"_links":{"self":[{"href":"https:\/\/blogphotographie.com\/fr_fr\/wp-json\/wp\/v2\/posts\/9361","targetHints":{"allow":["GET"]}}],"collection":[{"href":"https:\/\/blogphotographie.com\/fr_fr\/wp-json\/wp\/v2\/posts"}],"about":[{"href":"https:\/\/blogphotographie.com\/fr_fr\/wp-json\/wp\/v2\/types\/post"}],"author":[{"embeddable":true,"href":"https:\/\/blogphotographie.com\/fr_fr\/wp-json\/wp\/v2\/users\/1"}],"replies":[{"embeddable":true,"href":"https:\/\/blogphotographie.com\/fr_fr\/wp-json\/wp\/v2\/comments?post=9361"}],"version-history":[{"count":7,"href":"https:\/\/blogphotographie.com\/fr_fr\/wp-json\/wp\/v2\/posts\/9361\/revisions"}],"predecessor-version":[{"id":9374,"href":"https:\/\/blogphotographie.com\/fr_fr\/wp-json\/wp\/v2\/posts\/9361\/revisions\/9374"}],"wp:featuredmedia":[{"embeddable":true,"href":"https:\/\/blogphotographie.com\/fr_fr\/wp-json\/wp\/v2\/media\/9363"}],"wp:attachment":[{"href":"https:\/\/blogphotographie.com\/fr_fr\/wp-json\/wp\/v2\/media?parent=9361"}],"wp:term":[{"taxonomy":"category","embeddable":true,"href":"https:\/\/blogphotographie.com\/fr_fr\/wp-json\/wp\/v2\/categories?post=9361"},{"taxonomy":"post_tag","embeddable":true,"href":"https:\/\/blogphotographie.com\/fr_fr\/wp-json\/wp\/v2\/tags?post=9361"}],"curies":[{"name":"wp","href":"https:\/\/api.w.org\/{rel}","templated":true}]}}