{"id":9322,"date":"2026-03-16T08:59:37","date_gmt":"2026-03-16T12:59:37","guid":{"rendered":"https:\/\/blogphotographie.com\/?p=9322"},"modified":"2026-03-31T17:45:04","modified_gmt":"2026-03-31T21:45:04","slug":"comment-la-lumiere-devient-un-fichier-photo","status":"publish","type":"post","link":"https:\/\/blogphotographie.com\/fr_fr\/comment-la-lumiere-devient-un-fichier-photo\/","title":{"rendered":"Comment la lumi\u00e8re devient un fichier photo"},"content":{"rendered":"<h2 class=\"wp-block-heading\">Le <strong>processus de traitement interne<\/strong> commence dans le bo\u00eetier, pas dans le logiciel<\/h2>\n\n\n\n<h3 class=\"wp-block-heading\">Pourquoi ce sujet est plus profond qu&rsquo;un simple RAW versus JPEG<\/h3>\n\n\n\n<p>Quand on parle de RAW et de JPEG, la conversation tourne presque toujours autour de la retouche. Lequel offre plus de latitude ? Lequel prend moins de place ? Lequel convient mieux pour partager rapidement ? Ce sont de bonnes questions, mais elles sautent une \u00e9tape fondamentale.<\/p>\n\n\n\n<p>La vraie question, c&rsquo;est ce qui se passe dans le bo\u00eetier entre le moment o\u00f9 la lumi\u00e8re entre dans l&rsquo;objectif et le moment o\u00f9 un fichier s&rsquo;enregistre sur la carte m\u00e9moire. Cette \u00e9tape, le <strong>processus de traitement interne<\/strong> qu&rsquo;on peut appeler (le pipeline image), est souvent invisible pour le photographe. Et pourtant, c&rsquo;est l\u00e0 que tout commence vraiment.<\/p>\n\n\n\n<p>L&rsquo;article <a href=\"https:\/\/blogphotographie.com\/fr_fr\/raw-ou-jpeg-pour-des-photos-sans-retouche\/\">RAW ou JPEG pour des photos sans retouche<\/a> traite du choix entre ces deux formats selon l&rsquo;usage. Ici, on va plus loin : on regarde le m\u00e9canisme lui-m\u00eame, les d\u00e9cisions que ton bo\u00eetier prend d\u00e9j\u00e0 avant que tu touches \u00e0 quoi que ce soit.<\/p>\n\n\n\n<h3 class=\"wp-block-heading\">Pourquoi la photo num\u00e9rique commence par la lumi\u00e8re, pas par la retouche<\/h3>\n\n\n\n<p>La photographie num\u00e9rique est souvent enseign\u00e9e \u00e0 rebours. On apprend Lightroom en premier, on d\u00e9couvre le capteur ensuite, et quelque part entre les deux, on perd de vue l&rsquo;essentiel : une photo est d&rsquo;abord une mesure de la lumi\u00e8re.<\/p>\n\n\n\n<p><a href=\"https:\/\/blogphotographie.com\/fr_fr\/la-lumiere-en-photographie\/\">La Lumi\u00e8re en Photographie<\/a> en pose les bases. Mais ici, on entre dans la m\u00e9canique concr\u00e8te. Comment la lumi\u00e8re se transforme-t-elle en donn\u00e9es num\u00e9riques ? Que retient-on vraiment dans un fichier ? Et pourquoi deux formats diff\u00e9rents peuvent-ils raconter des histoires si diff\u00e9rentes \u00e0 partir de la m\u00eame prise de vue ?<\/p>\n\n\n\n<h2 class=\"wp-block-heading\">Quand tu d\u00e9clenches, le capteur ne voit pas une photo, il mesure la lumi\u00e8re<\/h2>\n\n\n\n<h3 class=\"wp-block-heading\">Des photons au signal \u00e9lectrique<\/h3>\n\n\n\n<p>Tout commence par des photons. Ces particules de lumi\u00e8re, <a href=\"https:\/\/blogphotographie.com\/fr_fr\/les-photons\/\">Les photons : la v\u00e9ritable mati\u00e8re premi\u00e8re de vos photos<\/a> les explique en d\u00e9tail. Ce qu&rsquo;il faut retenir ici, c&rsquo;est que quand un photon frappe un photosite sur le capteur, il lib\u00e8re un \u00e9lectron. Le capteur accumule ces \u00e9lectrons pendant toute la dur\u00e9e de l&rsquo;exposition, puis convertit cette charge en signal \u00e9lectrique. C&rsquo;est ce signal qui sera ensuite converti en valeur num\u00e9rique.<\/p>\n\n\n\n<p>Autrement dit, le capteur ne voit pas une image. Il mesure une intensit\u00e9 lumineuse pour chaque point de la grille. Beaucoup de lumi\u00e8re sur un photosite donne une valeur \u00e9lev\u00e9e. Peu de lumi\u00e8re donne une valeur basse. C&rsquo;est tout. La photo n&rsquo;existe pas encore \u00e0 ce stade, seulement une accumulation de mesures.<\/p>\n\n\n\n<h3 class=\"wp-block-heading\">Pourquoi un capteur ne capture pas une image couleur compl\u00e8te d&rsquo;un seul coup<\/h3>\n\n\n\n<p>Un photosite seul ne distingue pas les couleurs. Il enregistre une quantit\u00e9 d&rsquo;\u00e9nergie lumineuse, peu importe la longueur d&rsquo;onde. Pour obtenir une image en couleur, les fabricants utilisent une astuce : la matrice de filtres couleur.<\/p>\n\n\n\n<p>La plus r\u00e9pandue, et de loin, est la matrice de Bayer. Elle dispose, au-dessus de chaque photosite, un filtre qui ne laisse passer qu&rsquo;une partie du spectre lumineux. La moiti\u00e9 des photosites est recouverte d&rsquo;un filtre vert, un quart d&rsquo;un filtre rouge, et un quart d&rsquo;un filtre bleu. Pourquoi autant de vert ? Parce que l&rsquo;\u0153il humain y est particuli\u00e8rement sensible, et cette r\u00e9partition am\u00e9liore la perception globale de la luminance.<\/p>\n\n\n\n<p>R\u00e9sultat : chaque photosite mesure principalement une couleur. Mais l&rsquo;image compl\u00e8te, elle, n&rsquo;existe pas encore.<\/p>\n\n\n\n<h3 class=\"wp-block-heading\">Le r\u00f4le des filtres rouge, vert et bleu dans la matrice de Bayer<\/h3>\n\n\n<div class=\"wp-block-image\">\n<figure class=\"aligncenter size-full\"><img loading=\"lazy\" decoding=\"async\" width=\"2560\" height=\"1440\" data-attachment-id=\"9329\" data-permalink=\"https:\/\/blogphotographie.com\/fr_fr\/comment-la-lumiere-devient-un-fichier-photo\/photographe-316\/\" data-orig-file=\"https:\/\/blogphotographie.com\/wp-content\/uploads\/matrice-bayer-capteur-photosites-microfiltres-scaled.jpg\" data-orig-size=\"2560,1440\" data-comments-opened=\"0\" data-image-meta=\"{&quot;aperture&quot;:&quot;4&quot;,&quot;credit&quot;:&quot;sylvain perrier&quot;,&quot;camera&quot;:&quot;Canon EOS R6&quot;,&quot;caption&quot;:&quot;&quot;,&quot;created_timestamp&quot;:&quot;1773590789&quot;,&quot;copyright&quot;:&quot;sylvain perrier&quot;,&quot;focal_length&quot;:&quot;70&quot;,&quot;iso&quot;:&quot;3200&quot;,&quot;shutter_speed&quot;:&quot;0.00625&quot;,&quot;title&quot;:&quot;Photographe&quot;,&quot;orientation&quot;:&quot;0&quot;}\" data-image-title=\"matrice-bayer-capteur-photosites-microfiltres\" data-image-description=\"\" data-image-caption=\"\" data-large-file=\"https:\/\/blogphotographie.com\/wp-content\/uploads\/matrice-bayer-capteur-photosites-microfiltres-1024x576.jpg\" src=\"https:\/\/blogphotographie.com\/wp-content\/uploads\/matrice-bayer-capteur-photosites-microfiltres-scaled.jpg\" alt=\"Illustration de la matrice de Bayer montrant les micro-filtres rouge vert bleu et les photosites du capteur photo\" class=\"wp-image-9329\" srcset=\"https:\/\/blogphotographie.com\/wp-content\/uploads\/matrice-bayer-capteur-photosites-microfiltres-scaled.jpg 2560w, https:\/\/blogphotographie.com\/wp-content\/uploads\/matrice-bayer-capteur-photosites-microfiltres-300x169.jpg 300w, https:\/\/blogphotographie.com\/wp-content\/uploads\/matrice-bayer-capteur-photosites-microfiltres-1024x576.jpg 1024w, https:\/\/blogphotographie.com\/wp-content\/uploads\/matrice-bayer-capteur-photosites-microfiltres-768x432.jpg 768w, https:\/\/blogphotographie.com\/wp-content\/uploads\/matrice-bayer-capteur-photosites-microfiltres-1536x864.jpg 1536w, https:\/\/blogphotographie.com\/wp-content\/uploads\/matrice-bayer-capteur-photosites-microfiltres-2048x1152.jpg 2048w, https:\/\/blogphotographie.com\/wp-content\/uploads\/matrice-bayer-capteur-photosites-microfiltres-18x10.jpg 18w\" sizes=\"auto, (max-width: 2560px) 100vw, 2560px\" \/><figcaption class=\"wp-element-caption\"><em>La matrice de Bayer : chaque photosite ne re\u00e7oit qu&rsquo;une longueur d&rsquo;onde. Le d\u00e9matri\u00e7age reconstruit ensuite l&rsquo;image RGB compl\u00e8te.<\/em><\/figcaption><\/figure>\n<\/div>\n\n\n<p>Il est important de bien comprendre ce que fait la matrice de Bayer : elle ne colore pas les photons. Elle filtre certaines longueurs d&rsquo;onde pour que chaque photosite re\u00e7oive principalement de la lumi\u00e8re rouge, verte ou bleue. Le capteur enregistre ainsi un r\u00e9seau de valeurs partielles, une par couleur dominante, mais sans l&rsquo;image compl\u00e8te.<\/p>\n\n\n\n<p>Pour reconstruire une image RGB utilisable, le processeur doit analyser les photosites voisins et interpoler les couleurs manquantes. C&rsquo;est ce qu&rsquo;on appelle le d\u00e9matri\u00e7age. Sans cette \u00e9tape, tu ne verrais qu&rsquo;une grille de points color\u00e9s s\u00e9par\u00e9s, pas une photo coh\u00e9rente.<\/p>\n\n\n\n<p>Pour aller plus loin sur le fonctionnement du bo\u00eetier dans son ensemble, l&rsquo;article <a href=\"https:\/\/blogphotographie.com\/fr_fr\/comment-fonctionne-un-appareil-photo\/\">Comment fonctionne un appareil photo<\/a> donne une vue d&rsquo;ensemble utile.<\/p>\n\n\n\n<h2 class=\"wp-block-heading\">Ce que le fichier RAW contient vraiment<\/h2>\n\n\n\n<h3 class=\"wp-block-heading\">Des donn\u00e9es issues du capteur, pas une image finale<\/h3>\n\n\n\n<p>Quand tu enregistres en RAW, le fichier ne contient pas une image pr\u00eate \u00e0 afficher. Il contient les donn\u00e9es brutes issues du capteur, accompagn\u00e9es d&rsquo;informations n\u00e9cessaires pour les interpr\u00e9ter. On parle des valeurs mesur\u00e9es par chaque photosite, avant que le d\u00e9matri\u00e7age complet, la correction tonale et la gestion des couleurs aient \u00e9t\u00e9 pouss\u00e9s \u00e0 fond.<\/p>\n\n\n\n<p>Ce fichier n&rsquo;est pas une image au sens conventionnel du terme. C&rsquo;est un ensemble de donn\u00e9es capteur qui attend d&rsquo;\u00eatre d\u00e9velopp\u00e9, un peu comme un n\u00e9gatif argentique attendait son bain chimique.<\/p>\n\n\n\n<h3 class=\"wp-block-heading\">Pourquoi le RAW reste lin\u00e9aire et demande une interpr\u00e9tation<\/h3>\n\n\n\n<p>Les donn\u00e9es du capteur sont lin\u00e9aires. \u00c7a veut dire que si tu doubles la quantit\u00e9 de lumi\u00e8re, la valeur enregistr\u00e9e double aussi. Mais ce n&rsquo;est pas comme \u00e7a que l&rsquo;\u0153il humain per\u00e7oit la lumi\u00e8re. Notre vision est logarithmique : on per\u00e7oit mieux les variations dans les ombres que dans les hautes lumi\u00e8res.<\/p>\n\n\n\n<p>Pour qu&rsquo;une image RAW ressemble \u00e0 quelque chose de naturel \u00e0 l&rsquo;affichage, il faut lui appliquer une courbe tonale qui redistribue les valeurs selon une logique plus proche de la perception humaine. Sans cette transformation, l&rsquo;image para\u00eet tr\u00e8s sombre et peu contrast\u00e9e. C&rsquo;est pourquoi un logiciel comme Lightroom ou Camera Raw applique automatiquement une interpr\u00e9tation de base d\u00e8s qu&rsquo;il ouvre un RAW. Ce que tu vois dans ton logiciel n&rsquo;est jamais le vrai brut : c&rsquo;est toujours une version interpr\u00e9t\u00e9e.<\/p>\n\n\n\n<h3 class=\"wp-block-heading\">Les m\u00e9tadonn\u00e9es utiles au d\u00e9veloppement<\/h3>\n\n\n\n<p>Le fichier RAW embarque aussi des m\u00e9tadonn\u00e9es. Certaines sont descriptives : mod\u00e8le de bo\u00eetier, objectif utilis\u00e9, r\u00e9glages d&rsquo;exposition, heure de prise de vue. D&rsquo;autres sont op\u00e9rationnelles : elles indiquent au logiciel de d\u00e9veloppement comment traiter les donn\u00e9es capteur, quelle balance des blancs appliquer comme point de d\u00e9part, ou comment corriger certaines distorsions optiques.<\/p>\n\n\n\n<p><a href=\"https:\/\/blogphotographie.com\/fr_fr\/les-metadonnees-des-photos\/\">Les M\u00e9tadonn\u00e9es des Photos<\/a> explique en d\u00e9tail ce qu&rsquo;on trouve dans ces fichiers et \u00e0 quoi \u00e7a sert concr\u00e8tement.<\/p>\n\n\n\n<h3 class=\"wp-block-heading\">L&rsquo;aper\u00e7u JPEG int\u00e9gr\u00e9, ce r\u00e9sum\u00e9 que le bo\u00eetier fabrique pour afficher l&rsquo;image<\/h3>\n\n\n\n<p>Voici quelque chose que beaucoup de photographes ignorent : ton fichier RAW contient un petit JPEG embarqu\u00e9. Ce JPEG, c&rsquo;est ce que ton bo\u00eetier a affich\u00e9 sur l&rsquo;\u00e9cran arri\u00e8re apr\u00e8s le d\u00e9clenchement. C&rsquo;est aussi ce que beaucoup de logiciels utilisent pour g\u00e9n\u00e9rer une vignette rapide avant de traiter le vrai fichier.<\/p>\n\n\n\n<p>Ce JPEG embarqu\u00e9 est d\u00e9j\u00e0 d\u00e9velopp\u00e9 par le bo\u00eetier. Il tient compte du style d&rsquo;image choisi, de la balance des blancs, de la nettet\u00e9 et d&rsquo;autres r\u00e9glages. Il est pratique pour une pr\u00e9visualisation rapide, mais il ne repr\u00e9sente pas le potentiel complet du RAW. On y reviendra.<\/p>\n\n\n\n<h2 class=\"wp-block-heading\">Ce que le bo\u00eetier fait d\u00e9j\u00e0 avant m\u00eame que tu ouvres la photo<\/h2>\n\n\n\n<h3 class=\"wp-block-heading\">Balance des blancs<\/h3>\n\n\n\n<p>Que tu travailles en RAW ou en JPEG, le bo\u00eetier enregistre une valeur de balance des blancs dans les m\u00e9tadonn\u00e9es. En RAW, cette valeur sert de point de d\u00e9part sugg\u00e9r\u00e9 au logiciel de d\u00e9veloppement, mais elle reste enti\u00e8rement modifiable sans perte. En JPEG ou en HEIF, la balance des blancs est appliqu\u00e9e de fa\u00e7on beaucoup plus permanente lors du rendu : revenir sur ce choix en post-traitement g\u00e9n\u00e8re une d\u00e9gradation visible de l&rsquo;image.<\/p>\n\n\n\n<p><a href=\"https:\/\/blogphotographie.com\/fr_fr\/la-balance-des-blancs\/\">La balance des blancs<\/a> en explique le fonctionnement complet. Ce qu&rsquo;il faut retenir ici : la d\u00e9cision sur la couleur de la lumi\u00e8re commence dans le bo\u00eetier, d\u00e8s le d\u00e9clenchement.<\/p>\n\n\n\n<h3 class=\"wp-block-heading\">D\u00e9matri\u00e7age<\/h3>\n\n\n\n<p>Le d\u00e9matri\u00e7age est l&rsquo;op\u00e9ration qui transforme la grille de valeurs partielles du capteur en une image RGB compl\u00e8te. En RAW, cette \u00e9tape est r\u00e9alis\u00e9e par le logiciel au moment du d\u00e9veloppement, avec des algorithmes qui varient selon les outils utilis\u00e9s. En JPEG ou en HEIF, le bo\u00eetier a d\u00e9j\u00e0 effectu\u00e9 cette op\u00e9ration, avec son propre algorithme embarqu\u00e9.<\/p>\n\n\n\n<p>La qualit\u00e9 du d\u00e9matri\u00e7age influence la finesse des d\u00e9tails, la gestion des textures fines et la restitution des contours. C&rsquo;est notamment pourquoi deux logiciels peuvent produire un rendu l\u00e9g\u00e8rement diff\u00e9rent \u00e0 partir du m\u00eame RAW.<\/p>\n\n\n\n<h3 class=\"wp-block-heading\">Courbe tonale et gamma<\/h3>\n\n\n\n<p>Comme mentionn\u00e9 plus haut, les donn\u00e9es lin\u00e9aires du capteur doivent \u00eatre converties pour ressembler \u00e0 ce que l&rsquo;\u0153il per\u00e7oit naturellement. En RAW, le logiciel applique sa propre courbe tonale, que tu peux ensuite ajuster librement. En JPEG ou en HEIF, le bo\u00eetier a d\u00e9j\u00e0 appliqu\u00e9 une courbe, souvent optimis\u00e9e pour un rendu agr\u00e9able \u00e0 l&rsquo;affichage imm\u00e9diat.<\/p>\n\n\n\n<h3 class=\"wp-block-heading\">R\u00e9duction du bruit<\/h3>\n\n\n\n<p>Chaque capteur g\u00e9n\u00e8re un certain niveau de bruit \u00e9lectronique, surtout \u00e0 des sensibilit\u00e9s ISO \u00e9lev\u00e9es. Le bo\u00eetier peut appliquer une r\u00e9duction du bruit avant d&rsquo;enregistrer. En RAW, cette r\u00e9duction est souvent minimale ou absente, laissant toute la main au logiciel de d\u00e9veloppement. En JPEG et en HEIF, le bo\u00eetier applique une r\u00e9duction plus agressive, ce qui peut lisser certains d\u00e9tails fins de fa\u00e7on d\u00e9finitive.<\/p>\n\n\n\n<h3 class=\"wp-block-heading\">Nettet\u00e9 num\u00e9rique<\/h3>\n\n\n\n<p>Une l\u00e9g\u00e8re accentuation de la nettet\u00e9 est souvent appliqu\u00e9e en bo\u00eetier lors de la production d&rsquo;un JPEG ou d&rsquo;un HEIF. En RAW, les donn\u00e9es restent sans accentuation majeure, de fa\u00e7on \u00e0 conserver toute la latitude pour ce traitement lors du d\u00e9veloppement.<\/p>\n\n\n\n<h3 class=\"wp-block-heading\">Corrections optiques<\/h3>\n\n\n\n<p>Selon les bo\u00eetiers et les objectifs, certaines corrections peuvent \u00eatre appliqu\u00e9es automatiquement : distorsion g\u00e9om\u00e9trique, vignetage, aberration chromatique. En RAW, ces corrections peuvent \u00eatre stock\u00e9es dans les m\u00e9tadonn\u00e9es et appliqu\u00e9es par le logiciel, souvent de fa\u00e7on transparente. En JPEG, elles sont int\u00e9gr\u00e9es directement dans le fichier, de fa\u00e7on d\u00e9finitive.<\/p>\n\n\n\n<h3 class=\"wp-block-heading\">Rendu couleur et espace colorim\u00e9trique<\/h3>\n\n\n\n<p>Le bo\u00eetier applique aussi un espace colorim\u00e9trique au JPEG ou au HEIF, g\u00e9n\u00e9ralement sRGB par d\u00e9faut, parfois AdobeRGB selon le r\u00e9glage choisi. Cette d\u00e9cision conditionne la gamme de couleurs disponible dans le fichier final. En RAW, l&rsquo;espace colorim\u00e9trique est assign\u00e9 lors du d\u00e9veloppement, ce qui laisse plus de flexibilit\u00e9 selon l&rsquo;usage pr\u00e9vu, que ce soit l&rsquo;affichage web, l&rsquo;impression ou l&rsquo;archivage.<\/p>\n\n\n\n<h2 class=\"wp-block-heading\">Pourquoi l&rsquo;image \u00e0 l&rsquo;\u00e9cran arri\u00e8re n&rsquo;est pas ton RAW<\/h2>\n\n\n<div class=\"wp-block-image\">\n<figure class=\"aligncenter size-full\"><img loading=\"lazy\" decoding=\"async\" width=\"2560\" height=\"2310\" data-attachment-id=\"9331\" data-permalink=\"https:\/\/blogphotographie.com\/fr_fr\/comment-la-lumiere-devient-un-fichier-photo\/photographe-317\/\" data-orig-file=\"https:\/\/blogphotographie.com\/wp-content\/uploads\/comparaison-apercu-jpeg-boitier-raw-lightroom-histogramme-2-scaled.jpg\" data-orig-size=\"2560,2310\" data-comments-opened=\"0\" data-image-meta=\"{&quot;aperture&quot;:&quot;4&quot;,&quot;credit&quot;:&quot;sylvain perrier&quot;,&quot;camera&quot;:&quot;Canon EOS R6&quot;,&quot;caption&quot;:&quot;&quot;,&quot;created_timestamp&quot;:&quot;1773590789&quot;,&quot;copyright&quot;:&quot;sylvain perrier&quot;,&quot;focal_length&quot;:&quot;70&quot;,&quot;iso&quot;:&quot;3200&quot;,&quot;shutter_speed&quot;:&quot;0.00625&quot;,&quot;title&quot;:&quot;Photographe&quot;,&quot;orientation&quot;:&quot;0&quot;}\" data-image-title=\"comparaison-apercu-jpeg-boitier-raw-lightroom-histogramme-\" data-image-description=\"\" data-image-caption=\"\" data-large-file=\"https:\/\/blogphotographie.com\/wp-content\/uploads\/comparaison-apercu-jpeg-boitier-raw-lightroom-histogramme-2-1024x924.jpg\" src=\"https:\/\/blogphotographie.com\/wp-content\/uploads\/comparaison-apercu-jpeg-boitier-raw-lightroom-histogramme-2-scaled.jpg\" alt=\"\" class=\"wp-image-9331\" srcset=\"https:\/\/blogphotographie.com\/wp-content\/uploads\/comparaison-apercu-jpeg-boitier-raw-lightroom-histogramme-2-scaled.jpg 2560w, https:\/\/blogphotographie.com\/wp-content\/uploads\/comparaison-apercu-jpeg-boitier-raw-lightroom-histogramme-2-300x271.jpg 300w, https:\/\/blogphotographie.com\/wp-content\/uploads\/comparaison-apercu-jpeg-boitier-raw-lightroom-histogramme-2-1024x924.jpg 1024w, https:\/\/blogphotographie.com\/wp-content\/uploads\/comparaison-apercu-jpeg-boitier-raw-lightroom-histogramme-2-768x693.jpg 768w, https:\/\/blogphotographie.com\/wp-content\/uploads\/comparaison-apercu-jpeg-boitier-raw-lightroom-histogramme-2-1536x1386.jpg 1536w, https:\/\/blogphotographie.com\/wp-content\/uploads\/comparaison-apercu-jpeg-boitier-raw-lightroom-histogramme-2-2048x1848.jpg 2048w, https:\/\/blogphotographie.com\/wp-content\/uploads\/comparaison-apercu-jpeg-boitier-raw-lightroom-histogramme-2-13x12.jpg 13w\" sizes=\"auto, (max-width: 2560px) 100vw, 2560px\" \/><figcaption class=\"wp-element-caption\"><em>Ce que tu vois sur l&rsquo;\u00e9cran arri\u00e8re n&rsquo;est pas ton RAW. C&rsquo;est une interpr\u00e9tation d\u00e9j\u00e0 faite par le bo\u00eetier.<\/em><\/figcaption><\/figure>\n<\/div>\n\n\n<h3 class=\"wp-block-heading\">Le JPEG de pr\u00e9visualisation<\/h3>\n\n\n\n<p>Quand tu regardes ta photo sur l&rsquo;\u00e9cran arri\u00e8re de ton bo\u00eetier, tu ne vois pas le contenu brut du fichier RAW. Tu vois le JPEG embarqu\u00e9, celui que le bo\u00eetier a fabriqu\u00e9 en quelques fractions de seconde apr\u00e8s le d\u00e9clenchement, en appliquant tous les traitements mentionn\u00e9s plus haut.<\/p>\n\n\n\n<p>C&rsquo;est rapide, c&rsquo;est pratique, mais c&rsquo;est une interpr\u00e9tation. Pas le brut. La distinction est importante parce que ce que tu vois \u00e0 l&rsquo;\u00e9cran peut te donner une impression fausse de ce que ton fichier contient vraiment.<\/p>\n\n\n\n<h3 class=\"wp-block-heading\">Pourquoi l&rsquo;histogramme peut sembler plus alarmant que le vrai potentiel du RAW<\/h3>\n\n\n\n<p>L&rsquo;histogramme affich\u00e9 en vis\u00e9e ou sur l&rsquo;\u00e9cran arri\u00e8re repose sur ce m\u00eame JPEG embarqu\u00e9. \u00c7a veut dire que si ton style d&rsquo;image pousse le contraste ou les hautes lumi\u00e8res, l&rsquo;histogramme va le refl\u00e9ter, m\u00eame si le RAW sous-jacent contient encore de l&rsquo;information exploitable dans ces zones.<\/p>\n\n\n\n<p><a href=\"https:\/\/blogphotographie.com\/fr_fr\/comprendre-et-utiliser-lhistogramme\/\">Comprendre et Utiliser l&rsquo;Histogramme<\/a> te montre comment lire cet outil correctement. Ce qu&rsquo;il faut savoir ici : l&rsquo;histogramme en bo\u00eetier est un indice, un point de d\u00e9part, pas une v\u00e9rit\u00e9 absolue sur le contenu de ton RAW.<\/p>\n\n\n\n<h3 class=\"wp-block-heading\">Le r\u00f4le du style d&rsquo;image dans ce que tu crois voir<\/h3>\n\n\n\n<p>Le style d&rsquo;image, souvent appel\u00e9 Picture Style ou Picture Control selon les bo\u00eetiers, est le profil de rendu qui s&rsquo;applique au JPEG embarqu\u00e9. Portrait, paysage, neutre, fid\u00e8le : chacun modifie la saturation, le contraste, la nettet\u00e9 et la courbe tonale de l&rsquo;aper\u00e7u. Ce choix affecte directement ce que tu vois sur l&rsquo;\u00e9cran, et donc l&rsquo;histogramme que tu consultes au moment de d\u00e9cider si tu exposures correctement.<\/p>\n\n\n\n<p>En RAW, le style d&rsquo;image est purement cosm\u00e9tique : il n&rsquo;affecte pas les donn\u00e9es brutes du capteur. En JPEG, il est int\u00e9gr\u00e9 de fa\u00e7on permanente au fichier.<\/p>\n\n\n\n<h2 class=\"wp-block-heading\">RAW, JPEG, HEIF, trois niveaux de d\u00e9cision sur la lumi\u00e8re<\/h2>\n\n\n\n<h3 class=\"wp-block-heading\">Le RAW, un fichier \u00e0 d\u00e9velopper<\/h3>\n\n\n\n<p>Le fichier RAW, c&rsquo;est le fichier brut. Il conserve les donn\u00e9es issues du capteur avec un minimum d&rsquo;interpr\u00e9tation embarqu\u00e9e. Il est g\u00e9n\u00e9ralement encod\u00e9 sur 12 ou 14 bits selon les bo\u00eetiers, ce qui lui donne une plage tonale bien plus large que le JPEG. Selon le fabricant et le r\u00e9glage choisi, il peut \u00eatre non compress\u00e9, compress\u00e9 sans perte, ou compress\u00e9 avec perte minimale.<\/p>\n\n\n\n<p>Son principal inconv\u00e9nient : il doit \u00eatre d\u00e9velopp\u00e9. Ouvert tel quel, il ne ressemble \u00e0 rien de particuli\u00e8rement attrayant. Il attend un logiciel et tes propres d\u00e9cisions de traitement.<\/p>\n\n\n\n<h3 class=\"wp-block-heading\">Le JPEG, un fichier d\u00e9j\u00e0 d\u00e9velopp\u00e9, compress\u00e9 et destructif<\/h3>\n\n\n\n<p>Le JPEG est un format standard con\u00e7u pour la compression efficace des images fixes. Il encode l&rsquo;image en 8 bits et utilise une compression avec perte : \u00e0 chaque enregistrement, une certaine quantit\u00e9 d&rsquo;information est sacrifi\u00e9e pour r\u00e9duire la taille du fichier. Le r\u00e9sultat est une image pr\u00eate \u00e0 l&#8217;emploi, facile \u00e0 partager, l\u00e9g\u00e8re \u00e0 stocker. Mais les d\u00e9cisions de rendu prises par le bo\u00eetier sont largement fig\u00e9es.<\/p>\n\n\n\n<p>Ce n&rsquo;est pas que le JPEG soit mauvais. C&rsquo;est qu&rsquo;il correspond d\u00e9j\u00e0 \u00e0 une interpr\u00e9tation avanc\u00e9e de tes donn\u00e9es. Tr\u00e8s souple pour la gestion et le partage rapides, beaucoup moins souple pour le travail en post-traitement exigeant.<\/p>\n\n\n\n<h3 class=\"wp-block-heading\">Le HEIF, une option contemporaine plus riche que le JPEG dans certains bo\u00eetiers<\/h3>\n\n\n\n<p>Le HEIF (High Efficiency Image File Format) est une alternative plus r\u00e9cente au JPEG, disponible sur certains bo\u00eetiers hybrides actuels. Il offre une profondeur de 10 bits sur les mod\u00e8les compatibles, une compression plus efficace \u00e0 qualit\u00e9 \u00e9quivalente, et une meilleure gestion des gammes de couleurs larges.<\/p>\n\n\n\n<p>Il reste un fichier d\u00e9j\u00e0 trait\u00e9 par le bo\u00eetier, comme le JPEG, mais avec davantage de donn\u00e9es disponibles si un post-traitement l\u00e9ger s&rsquo;av\u00e8re n\u00e9cessaire. Sa compatibilit\u00e9 logicielle n&rsquo;est pas encore aussi universelle que le JPEG, et il vaut la peine de v\u00e9rifier le support de tes outils habituels avant de l&rsquo;adopter dans ton workflow.<\/p>\n\n\n\n<h2 class=\"wp-block-heading\">Pourquoi la qualit\u00e9 de la lumi\u00e8re se cache dans le brut<\/h2>\n\n\n\n<h3 class=\"wp-block-heading\">La latitude tonale<\/h3>\n\n\n\n<p>La profondeur de 12 ou 14 bits du RAW permet de conserver une quantit\u00e9 d&rsquo;information bien sup\u00e9rieure au JPEG 8 bits. Dans les hautes lumi\u00e8res comme dans les ombres, le RAW conserve des donn\u00e9es que le JPEG a d\u00e9j\u00e0 r\u00e9sum\u00e9es ou abandonn\u00e9es lors de la compression.<\/p>\n\n\n\n<p><a href=\"https:\/\/blogphotographie.com\/fr_fr\/la-plage-dynamique-en-photographie\/\">La Plage Dynamique en Photographie<\/a> explique en d\u00e9tail comment cette plage se mesure et s&rsquo;exploite. Ce qui compte ici : plus le fichier conserve de donn\u00e9es brutes, plus tu as de marge pour interpr\u00e9ter la lumi\u00e8re apr\u00e8s la prise de vue.<\/p>\n\n\n\n<h3 class=\"wp-block-heading\">La couleur r\u00e9cup\u00e9rable<\/h3>\n\n\n\n<p>En RAW, les informations de couleur sont encore largement ouvertes \u00e0 l&rsquo;interpr\u00e9tation. Une image l\u00e9g\u00e8rement surexpos\u00e9e dans les tons chauds peut souvent \u00eatre corrig\u00e9e sans artefacts visibles, parce que les donn\u00e9es capteur contiennent encore les nuances que le JPEG correspondant a d\u00e9j\u00e0 \u00e9cras\u00e9es.<\/p>\n\n\n\n<h3 class=\"wp-block-heading\">La balance des blancs plus souple<\/h3>\n\n\n\n<p>En RAW, la balance des blancs est non destructive. Tu peux la modifier apr\u00e8s la prise de vue comme si tu l&rsquo;avais r\u00e9gl\u00e9e diff\u00e9remment sur le bo\u00eetier. Une sc\u00e8ne captur\u00e9e sous lumi\u00e8re artificielle avec une balance des blancs automatique peut \u00eatre corrig\u00e9e \u00e0 la perfection lors du d\u00e9veloppement, sans perte visible.<\/p>\n\n\n\n<p>En JPEG, cette correction existe aussi, mais elle est beaucoup plus limit\u00e9e. La couleur a d\u00e9j\u00e0 \u00e9t\u00e9 fix\u00e9e dans les donn\u00e9es, et les ajustements forts peuvent produire des zones de bande ou une saturation d\u00e9grad\u00e9e.<\/p>\n\n\n\n<h3 class=\"wp-block-heading\">Le lien entre exposition, plage dynamique et qualit\u00e9 du fichier<\/h3>\n\n\n\n<p>Une bonne exposition reste la meilleure fa\u00e7on de pr\u00e9server la qualit\u00e9 du fichier, quel que soit le format choisi. Le RAW ne sauve pas une exposition rat\u00e9e sans cons\u00e9quences. Il offre plus de marge, mais cette marge a une limite. Capturer le maximum de lumi\u00e8re sans br\u00fbler les hautes lumi\u00e8res, c&rsquo;est toujours la strat\u00e9gie gagnante. <a href=\"https:\/\/blogphotographie.com\/fr_fr\/comment-mesurer-la-lumiere-correctement-en-photographie\/\">Comment Mesurer la Lumi\u00e8re Correctement en Photographie<\/a> t&rsquo;explique comment prendre cette d\u00e9cision au bon moment, avant le d\u00e9clenchement.<\/p>\n\n\n\n<h2 class=\"wp-block-heading\">Ce que \u00e7a change concr\u00e8tement sur le terrain<\/h2>\n\n\n\n<h3 class=\"wp-block-heading\">Quand choisir RAW<\/h3>\n\n\n\n<p>Le RAW s&rsquo;impose quand le contr\u00f4le du rendu final est prioritaire. Portrait en studio, paysage \u00e0 fort contraste, reportage sous lumi\u00e8re difficile, toute situation o\u00f9 tu anticipes un d\u00e9veloppement personnalis\u00e9. C&rsquo;est aussi le choix naturel quand la balance des blancs ou l&rsquo;exposition est incertaine au moment de la prise de vue.<\/p>\n\n\n\n<h3 class=\"wp-block-heading\">Quand choisir JPEG<\/h3>\n\n\n\n<p>Le JPEG reste pertinent quand la vitesse prime sur la latitude. Sports, photojournalisme rapide, situations o\u00f9 le r\u00e9sultat doit \u00eatre utilisable imm\u00e9diatement. Il est aussi valide quand l&rsquo;exposition et les r\u00e9glages sont ma\u00eetris\u00e9s et stables, et que le rendu du bo\u00eetier correspond pr\u00e9cis\u00e9ment au r\u00e9sultat attendu.<\/p>\n\n\n\n<h3 class=\"wp-block-heading\">Quand le HEIF peut avoir du sens<\/h3>\n\n\n\n<p>Le HEIF repr\u00e9sente un compromis int\u00e9ressant dans les bo\u00eetiers qui le proposent avec 10 bits. Il offre plus de profondeur que le JPEG, une meilleure compression, et un fichier d\u00e9j\u00e0 d\u00e9velopp\u00e9. Il peut convenir \u00e0 des workflows o\u00f9 l&rsquo;on veut plus de qualit\u00e9 qu&rsquo;un JPEG sans la lourdeur et les exigences de traitement d&rsquo;un RAW complet.<\/p>\n\n\n\n<h3 class=\"wp-block-heading\">Pourquoi mieux exposer reste plus important que sauver en post-traitement<\/h3>\n\n\n\n<p>Le RAW donne de la marge, mais pas de la magie. Une exposition soigneuse, fond\u00e9e sur une lecture attentive de la lumi\u00e8re, produit toujours un fichier plus riche qu&rsquo;une correction de sauvetage apr\u00e8s coup. La meilleure donn\u00e9e, c&rsquo;est celle que tu as bien captur\u00e9e d\u00e8s le d\u00e9part.<\/p>\n\n\n\n<h3 class=\"wp-block-heading\">Comment lire l&rsquo;\u00e9cran arri\u00e8re avec recul<\/h3>\n\n\n\n<p>Garde en t\u00eate que l&rsquo;\u00e9cran arri\u00e8re te montre une interpr\u00e9tation. Consulte l&rsquo;histogramme comme un rep\u00e8re, pas comme un verdict. Sois particuli\u00e8rement attentif aux hautes lumi\u00e8res : un clignotement dans les zones surexpos\u00e9es peut indiquer soit une v\u00e9ritable perte d&rsquo;information, soit simplement une interpr\u00e9tation agressive du style d&rsquo;image.<\/p>\n\n\n\n<p>En d\u00e9veloppant l&rsquo;habitude de lire l&rsquo;\u00e9cran avec recul, tu cultiveras une confiance plus juste envers ton fichier brut. Et tu commenceras \u00e0 voir la lumi\u00e8re pour ce qu&rsquo;elle est vraiment, avant toute interpr\u00e9tation.<\/p>\n\n\n\n<p>Quand tu seras pr\u00eat \u00e0 travailler ce RAW dans ton logiciel, l&rsquo;article <a href=\"https:\/\/blogphotographie.com\/fr_fr\/post-traitement-en-photographie\/\">Post-traitement en photographie<\/a> prend le relais naturellement.<\/p>\n\n\n\n<p><strong>Liens connexes<\/strong><\/p>\n\n\n\n<ul class=\"wp-block-list\">\n<li><a href=\"https:\/\/blogphotographie.com\/fr_fr\/loeil-humain-ne-voit-pas-les-bits-mais-ta-photo-oui\/\">L&rsquo;\u0153il humain ne voit pas les bits\u2026 mais ta photo, oui !<\/a><\/li>\n\n\n\n<li><a href=\"https:\/\/blogphotographie.com\/fr_fr\/comprendre-les-formats-de-photos\/\">Comprendre les Formats de Photos<\/a><\/li>\n\n\n\n<li><a href=\"https:\/\/blogphotographie.com\/fr_fr\/invariance-iso\/\">Invariance ISO : comprendre pourquoi l&rsquo;ISO ne cr\u00e9e pas la lumi\u00e8re<\/a><\/li>\n\n\n\n<li><a href=\"https:\/\/blogphotographie.com\/fr_fr\/photographier-en-basse-lumiere\/\">Photographier en basse lumi\u00e8re : comprendre la diffusion et ma\u00eetriser l&rsquo;EV<\/a><\/li>\n<\/ul>\n\n\n\n<figure class=\"wp-block-image size-full\"><img loading=\"lazy\" decoding=\"async\" width=\"1920\" height=\"237\" data-attachment-id=\"5579\" data-permalink=\"https:\/\/blogphotographie.com\/fr_fr\/modes-de-mesure-en-photographie\/faq\/\" data-orig-file=\"https:\/\/blogphotographie.com\/wp-content\/uploads\/faq.jpg\" data-orig-size=\"1920,237\" data-comments-opened=\"1\" data-image-meta=\"{&quot;aperture&quot;:&quot;0&quot;,&quot;credit&quot;:&quot;&quot;,&quot;camera&quot;:&quot;&quot;,&quot;caption&quot;:&quot;&quot;,&quot;created_timestamp&quot;:&quot;0&quot;,&quot;copyright&quot;:&quot;&quot;,&quot;focal_length&quot;:&quot;0&quot;,&quot;iso&quot;:&quot;0&quot;,&quot;shutter_speed&quot;:&quot;0&quot;,&quot;title&quot;:&quot;&quot;,&quot;orientation&quot;:&quot;0&quot;}\" data-image-title=\"faq\" data-image-description=\"\" data-image-caption=\"\" data-large-file=\"https:\/\/blogphotographie.com\/wp-content\/uploads\/faq.jpg\" src=\"https:\/\/blogphotographie.com\/wp-content\/uploads\/faq.jpg\" alt=\"\" class=\"wp-image-5579\" srcset=\"https:\/\/blogphotographie.com\/wp-content\/uploads\/faq.jpg 1920w, https:\/\/blogphotographie.com\/wp-content\/uploads\/faq-1225x151.jpg 1225w, https:\/\/blogphotographie.com\/wp-content\/uploads\/faq-768x95.jpg 768w, https:\/\/blogphotographie.com\/wp-content\/uploads\/faq-1536x189.jpg 1536w, https:\/\/blogphotographie.com\/wp-content\/uploads\/faq-2048x252.jpg 2048w, https:\/\/blogphotographie.com\/wp-content\/uploads\/faq-18x2.jpg 18w, https:\/\/blogphotographie.com\/wp-content\/uploads\/faq-335x41.jpg 335w, https:\/\/blogphotographie.com\/wp-content\/uploads\/faq-1050x129.jpg 1050w\" sizes=\"auto, (max-width: 1920px) 100vw, 1920px\" \/><\/figure>\n\n\n\n<h2 class=\"wp-block-heading\">FAQ<\/h2>\n\n\n\n<p><strong>Est-ce qu&rsquo;un fichier RAW est d\u00e9j\u00e0 une image compl\u00e8te ?<\/strong><\/p>\n\n\n\n<p>Non. Un fichier RAW contient les donn\u00e9es issues du capteur, des m\u00e9tadonn\u00e9es de traitement et un aper\u00e7u JPEG embarqu\u00e9 pour la pr\u00e9visualisation rapide. Il ne constitue pas une image finalis\u00e9e. Il doit \u00eatre d\u00e9velopp\u00e9 par un logiciel pour produire une image affichable et exportable.<\/p>\n\n\n\n<p><strong>Pourquoi mon RAW semble plus terne que le JPEG sur l&rsquo;appareil ?<\/strong><\/p>\n\n\n\n<p>Le JPEG affich\u00e9 sur ton bo\u00eetier a \u00e9t\u00e9 optimis\u00e9 par le processeur interne selon le style d&rsquo;image configur\u00e9 : contraste rehauss\u00e9, saturation accentu\u00e9e, nettet\u00e9 ajout\u00e9e. Le RAW ouvert dans un logiciel d\u00e9marre par une interpr\u00e9tation neutre, souvent moins flatteuse visuellement. C&rsquo;est normal, et c&rsquo;est justement l\u00e0 que commence ton travail de d\u00e9veloppement.<\/p>\n\n\n\n<p><strong>Pourquoi l&rsquo;histogramme de l&rsquo;appareil ne montre pas toute la latitude du RAW ?<\/strong><\/p>\n\n\n\n<p>L&rsquo;histogramme en bo\u00eetier est calcul\u00e9 \u00e0 partir du JPEG embarqu\u00e9, qui refl\u00e8te les r\u00e9glages de style d&rsquo;image. Si ce style pousse le contraste ou les hautes lumi\u00e8res, l&rsquo;histogramme para\u00eetra plus \u00e9cr\u00eat\u00e9 que ne l&rsquo;est r\u00e9ellement le RAW sous-jacent, lequel conserve souvent encore de l&rsquo;information exploitable dans ces zones.<\/p>\n\n\n\n<p><strong>Quelle est la diff\u00e9rence entre 8 bits et 12 ou 14 bits en photo ?<\/strong><\/p>\n\n\n\n<p>La profondeur de bits d\u00e9termine le nombre de valeurs disponibles pour repr\u00e9senter la luminosit\u00e9. En 8 bits, on dispose de 256 niveaux par canal. En 12 bits, de 4 096 niveaux. En 14 bits, de 16 384 niveaux. Plus la profondeur est grande, plus les transitions tonales sont fines et plus les corrections en post-traitement peuvent \u00eatre importantes sans cr\u00e9er d&rsquo;artefacts visibles.<\/p>\n\n\n\n<p><strong>Le JPEG d\u00e9truit-il vraiment de l&rsquo;information ?<\/strong><\/p>\n\n\n\n<p>Oui, dans le sens o\u00f9 la compression avec perte sacrifie certaines donn\u00e9es pour r\u00e9duire la taille du fichier. La perte est con\u00e7ue pour rester invisible \u00e0 l&rsquo;\u0153il dans des conditions normales d&rsquo;utilisation. Le probl\u00e8me se pose surtout quand on ouvre, modifie et r\u00e9enregistre un JPEG plusieurs fois : chaque cycle de compression cumule les d\u00e9gradations.<\/p>\n\n\n\n<p><strong>La balance des blancs modifie-t-elle un RAW ?<\/strong><\/p>\n\n\n\n<p>Non, pas de fa\u00e7on destructive. En RAW, la balance des blancs est stock\u00e9e comme une m\u00e9tadonn\u00e9e sugg\u00e9r\u00e9e. Elle peut \u00eatre modifi\u00e9e apr\u00e8s la prise de vue sans d\u00e9gradation de l&rsquo;image, parce que les donn\u00e9es du capteur restent intactes. C&rsquo;est l&rsquo;un des avantages majeurs du format brut.<\/p>\n\n\n\n<p><strong>Le HEIF remplace-t-il le JPEG ?<\/strong><\/p>\n\n\n\n<p>Pas encore universellement. Le HEIF offre une meilleure compression et une plus grande profondeur de bits sur les bo\u00eetiers compatibles, mais son adoption et sa compatibilit\u00e9 logicielle ne sont pas encore aussi larges que celles du JPEG. Il reste une option pertinente sur les appareils r\u00e9cents qui le supportent bien.<\/p>\n\n\n\n<p><strong>Pourquoi le bo\u00eetier applique-t-il d\u00e9j\u00e0 de la nettet\u00e9 et de la r\u00e9duction du bruit ?<\/strong><\/p>\n\n\n\n<p>Parce que le JPEG ou le HEIF doit \u00eatre directement utilisable \u00e0 la sortie du bo\u00eetier. Le processeur interne optimise le rendu en appliquant automatiquement ces ajustements selon le style d&rsquo;image et les param\u00e8tres configur\u00e9s. En RAW, ces traitements sont laiss\u00e9s minimaux pour conserver toute la latitude au photographe lors du d\u00e9veloppement.<\/p>\n\n\n\n<div class=\"article-signature\">\n    \u2014 Sylvain Perrier \u00b7 Photographe &#038; formateur  \n    <a href=\"https:\/\/academiephotographegatineau.com\/\" target=\"_blank\">\n        Acad\u00e9mie Photographe Gatineau\n    <\/a>\n<\/div>","protected":false},"excerpt":{"rendered":"<p>Tu ouvres ton logiciel, tu charges ton fichier, et tu penses que le traitement commence l\u00e0. Pourtant, ton bo\u00eetier avait d\u00e9j\u00e0 travaill\u00e9 depuis l&rsquo;instant o\u00f9 la lumi\u00e8re a travers\u00e9 l&rsquo;objectif. Voici ce qui se passe vraiment entre la lumi\u00e8re et ton fichier.<\/p>","protected":false},"author":1,"featured_media":9328,"comment_status":"closed","ping_status":"closed","sticky":false,"template":"","format":"standard","meta":{"_kad_post_transparent":"","_kad_post_title":"","_kad_post_layout":"","_kad_post_sidebar_id":"","_kad_post_content_style":"","_kad_post_vertical_padding":"","_kad_post_feature":"","_kad_post_feature_position":"","_kad_post_header":false,"_kad_post_footer":false,"_kad_post_classname":"","jetpack_post_was_ever_published":false,"_jetpack_newsletter_access":"","_jetpack_dont_email_post_to_subs":false,"_jetpack_newsletter_tier_id":0,"_jetpack_memberships_contains_paywalled_content":false,"_jetpack_memberships_contains_paid_content":false,"footnotes":""},"categories":[2958,2959],"tags":[3079,805,2179,3077,2474,3074,2398,3073,3078,179,3075,3072,3076,3071,1830,2946,2082,132],"class_list":["post-9322","post","type-post","status-publish","format-standard","has-post-thumbnail","hentry","category-loutil","category-la-lumiere","tag-apercu-boitier","tag-balance-des-blancs","tag-capteur-photo","tag-dematricage","tag-espace-colorimetrique","tag-fichier-brut","tag-format-photo","tag-heif","tag-histogramme-raw-jpeg","tag-jpeg","tag-latitude-tonale","tag-matrice-de-bayer","tag-photons","tag-pipeline-image","tag-plage-dynamique","tag-profil-couleur","tag-profondeur-de-bits","tag-raw"],"yoast_head":"<!-- This site is optimized with the Yoast SEO plugin v27.5 - https:\/\/yoast.com\/product\/yoast-seo-wordpress\/ -->\n<title>Comment la lumi\u00e8re devient un fichier photo - Blog photographie<\/title>\n<meta name=\"description\" content=\"La photo ne na\u00eet pas quand tu ouvres ton fichier. Elle na\u00eet d\u00e8s le d\u00e9clenchement. Comprends ce que le bo\u00eetier fait d\u00e9j\u00e0 \u00e0 ta lumi\u00e8re avant Lightroom.\" \/>\n<meta name=\"robots\" content=\"index, follow, max-snippet:-1, max-image-preview:large, max-video-preview:-1\" \/>\n<link rel=\"canonical\" href=\"https:\/\/blogphotographie.com\/fr_fr\/comment-la-lumiere-devient-un-fichier-photo\/\" \/>\n<meta property=\"og:locale\" content=\"fr_FR\" \/>\n<meta property=\"og:type\" content=\"article\" \/>\n<meta property=\"og:title\" content=\"Comment la lumi\u00e8re devient un fichier photo - Blog photographie\" \/>\n<meta property=\"og:description\" content=\"La photo ne na\u00eet pas quand tu ouvres ton fichier. Elle na\u00eet d\u00e8s le d\u00e9clenchement. Comprends ce que le bo\u00eetier fait d\u00e9j\u00e0 \u00e0 ta lumi\u00e8re avant Lightroom.\" \/>\n<meta property=\"og:url\" content=\"https:\/\/blogphotographie.com\/fr_fr\/comment-la-lumiere-devient-un-fichier-photo\/\" \/>\n<meta property=\"og:site_name\" content=\"Blog photographie\" \/>\n<meta property=\"article:publisher\" content=\"https:\/\/www.facebook.com\/leblogphotographie\" \/>\n<meta property=\"article:author\" content=\"https:\/\/www.facebook.com\/leblogphotographie\" \/>\n<meta property=\"article:published_time\" content=\"2026-03-16T12:59:37+00:00\" \/>\n<meta property=\"article:modified_time\" content=\"2026-03-31T21:45:04+00:00\" \/>\n<meta property=\"og:image\" content=\"https:\/\/blogphotographie.com\/wp-content\/uploads\/Comment-la-lumiere-devient-un-fichier-photo-scaled.jpg\" \/>\n\t<meta property=\"og:image:width\" content=\"2560\" \/>\n\t<meta property=\"og:image:height\" content=\"1440\" \/>\n\t<meta property=\"og:image:type\" content=\"image\/jpeg\" \/>\n<meta name=\"author\" content=\"Blog Photographie\" \/>\n<meta name=\"twitter:card\" content=\"summary_large_image\" \/>\n<meta name=\"twitter:creator\" content=\"@sylvainxperrier\" \/>\n<meta name=\"twitter:site\" content=\"@sylvainxperrier\" \/>\n<meta name=\"twitter:label1\" content=\"\u00c9crit par\" \/>\n\t<meta name=\"twitter:data1\" content=\"Blog Photographie\" \/>\n\t<meta name=\"twitter:label2\" content=\"Dur\u00e9e de lecture estim\u00e9e\" \/>\n\t<meta name=\"twitter:data2\" content=\"19 minutes\" \/>\n<script type=\"application\/ld+json\" class=\"yoast-schema-graph\">{\"@context\":\"https:\\\/\\\/schema.org\",\"@graph\":[{\"@type\":\"Article\",\"@id\":\"https:\\\/\\\/blogphotographie.com\\\/comment-la-lumiere-devient-un-fichier-photo\\\/#article\",\"isPartOf\":{\"@id\":\"https:\\\/\\\/blogphotographie.com\\\/comment-la-lumiere-devient-un-fichier-photo\\\/\"},\"author\":{\"name\":\"Blog Photographie\",\"@id\":\"https:\\\/\\\/blogphotographie.com\\\/#\\\/schema\\\/person\\\/5059e59b1012006c7ca43b6330053a01\"},\"headline\":\"Comment la lumi\u00e8re devient un fichier photo\",\"datePublished\":\"2026-03-16T12:59:37+00:00\",\"dateModified\":\"2026-03-31T21:45:04+00:00\",\"mainEntityOfPage\":{\"@id\":\"https:\\\/\\\/blogphotographie.com\\\/comment-la-lumiere-devient-un-fichier-photo\\\/\"},\"wordCount\":3995,\"publisher\":{\"@id\":\"https:\\\/\\\/blogphotographie.com\\\/#\\\/schema\\\/person\\\/5059e59b1012006c7ca43b6330053a01\"},\"image\":{\"@id\":\"https:\\\/\\\/blogphotographie.com\\\/comment-la-lumiere-devient-un-fichier-photo\\\/#primaryimage\"},\"thumbnailUrl\":\"https:\\\/\\\/blogphotographie.com\\\/wp-content\\\/uploads\\\/Comment-la-lumiere-devient-un-fichier-photo-scaled.jpg\",\"keywords\":[\"aper\u00e7u bo\u00eetier\",\"balance des blancs\",\"capteur photo\",\"d\u00e9matri\u00e7age\",\"espace colorim\u00e9trique\",\"fichier brut\",\"format photo\",\"HEIF\",\"histogramme RAW JPEG\",\"JPEG\",\"latitude tonale\",\"matrice de Bayer\",\"photons\",\"pipeline image\",\"plage dynamique\",\"profil couleur\",\"profondeur de bits\",\"RAW\"],\"articleSection\":[\"L\u2019Outil\",\"La Lumi\u00e8re\"],\"inLanguage\":\"fr-FR\"},{\"@type\":\"WebPage\",\"@id\":\"https:\\\/\\\/blogphotographie.com\\\/comment-la-lumiere-devient-un-fichier-photo\\\/\",\"url\":\"https:\\\/\\\/blogphotographie.com\\\/comment-la-lumiere-devient-un-fichier-photo\\\/\",\"name\":\"Comment la lumi\u00e8re devient un fichier photo - Blog photographie\",\"isPartOf\":{\"@id\":\"https:\\\/\\\/blogphotographie.com\\\/#website\"},\"primaryImageOfPage\":{\"@id\":\"https:\\\/\\\/blogphotographie.com\\\/comment-la-lumiere-devient-un-fichier-photo\\\/#primaryimage\"},\"image\":{\"@id\":\"https:\\\/\\\/blogphotographie.com\\\/comment-la-lumiere-devient-un-fichier-photo\\\/#primaryimage\"},\"thumbnailUrl\":\"https:\\\/\\\/blogphotographie.com\\\/wp-content\\\/uploads\\\/Comment-la-lumiere-devient-un-fichier-photo-scaled.jpg\",\"datePublished\":\"2026-03-16T12:59:37+00:00\",\"dateModified\":\"2026-03-31T21:45:04+00:00\",\"description\":\"La photo ne na\u00eet pas quand tu ouvres ton fichier. Elle na\u00eet d\u00e8s le d\u00e9clenchement. Comprends ce que le bo\u00eetier fait d\u00e9j\u00e0 \u00e0 ta lumi\u00e8re avant Lightroom.\",\"breadcrumb\":{\"@id\":\"https:\\\/\\\/blogphotographie.com\\\/comment-la-lumiere-devient-un-fichier-photo\\\/#breadcrumb\"},\"inLanguage\":\"fr-FR\",\"potentialAction\":[{\"@type\":\"ReadAction\",\"target\":[\"https:\\\/\\\/blogphotographie.com\\\/comment-la-lumiere-devient-un-fichier-photo\\\/\"]}]},{\"@type\":\"ImageObject\",\"inLanguage\":\"fr-FR\",\"@id\":\"https:\\\/\\\/blogphotographie.com\\\/comment-la-lumiere-devient-un-fichier-photo\\\/#primaryimage\",\"url\":\"https:\\\/\\\/blogphotographie.com\\\/wp-content\\\/uploads\\\/Comment-la-lumiere-devient-un-fichier-photo-scaled.jpg\",\"contentUrl\":\"https:\\\/\\\/blogphotographie.com\\\/wp-content\\\/uploads\\\/Comment-la-lumiere-devient-un-fichier-photo-scaled.jpg\",\"width\":2560,\"height\":1440,\"caption\":\"Comment la lumi\u00e8re devient un fichier photo\"},{\"@type\":\"BreadcrumbList\",\"@id\":\"https:\\\/\\\/blogphotographie.com\\\/comment-la-lumiere-devient-un-fichier-photo\\\/#breadcrumb\",\"itemListElement\":[{\"@type\":\"ListItem\",\"position\":1,\"name\":\"Accueil\",\"item\":\"https:\\\/\\\/blogphotographie.com\\\/\"},{\"@type\":\"ListItem\",\"position\":2,\"name\":\"Comment la lumi\u00e8re devient un fichier photo\"}]},{\"@type\":\"WebSite\",\"@id\":\"https:\\\/\\\/blogphotographie.com\\\/#website\",\"url\":\"https:\\\/\\\/blogphotographie.com\\\/\",\"name\":\"Blog photographie\",\"description\":\"Le Chemin Photographique \u2014 De l\u2019\u0152il \u00e0 l\u2019Image\",\"publisher\":{\"@id\":\"https:\\\/\\\/blogphotographie.com\\\/#\\\/schema\\\/person\\\/5059e59b1012006c7ca43b6330053a01\"},\"potentialAction\":[{\"@type\":\"SearchAction\",\"target\":{\"@type\":\"EntryPoint\",\"urlTemplate\":\"https:\\\/\\\/blogphotographie.com\\\/?s={search_term_string}\"},\"query-input\":{\"@type\":\"PropertyValueSpecification\",\"valueRequired\":true,\"valueName\":\"search_term_string\"}}],\"inLanguage\":\"fr-FR\"},{\"@type\":[\"Person\",\"Organization\"],\"@id\":\"https:\\\/\\\/blogphotographie.com\\\/#\\\/schema\\\/person\\\/5059e59b1012006c7ca43b6330053a01\",\"name\":\"Blog Photographie\",\"image\":{\"@type\":\"ImageObject\",\"inLanguage\":\"fr-FR\",\"@id\":\"https:\\\/\\\/blogphotographie.com\\\/wp-content\\\/uploads\\\/logo.png\",\"url\":\"https:\\\/\\\/blogphotographie.com\\\/wp-content\\\/uploads\\\/logo.png\",\"contentUrl\":\"https:\\\/\\\/blogphotographie.com\\\/wp-content\\\/uploads\\\/logo.png\",\"width\":800,\"height\":800,\"caption\":\"Blog Photographie\"},\"logo\":{\"@id\":\"https:\\\/\\\/blogphotographie.com\\\/wp-content\\\/uploads\\\/logo.png\"},\"sameAs\":[\"https:\\\/\\\/blogphotographie.com\",\"https:\\\/\\\/www.facebook.com\\\/leblogphotographie\",\"https:\\\/\\\/www.instagram.com\\\/leblogphotographie\",\"https:\\\/\\\/www.pinterest.ca\\\/sylvain_perrier\",\"https:\\\/\\\/x.com\\\/sylvainxperrier\",\"https:\\\/\\\/www.youtube.com\\\/user\\\/lencadreursylvain\",\"https:\\\/\\\/www.tumblr.com\\\/blog\\\/sylvainperrierfotografi\"]}]}<\/script>\n<!-- \/ Yoast SEO plugin. -->","yoast_head_json":{"title":"Comment la lumi\u00e8re devient un fichier photo - Blog photographie","description":"La photo ne na\u00eet pas quand tu ouvres ton fichier. Elle na\u00eet d\u00e8s le d\u00e9clenchement. Comprends ce que le bo\u00eetier fait d\u00e9j\u00e0 \u00e0 ta lumi\u00e8re avant Lightroom.","robots":{"index":"index","follow":"follow","max-snippet":"max-snippet:-1","max-image-preview":"max-image-preview:large","max-video-preview":"max-video-preview:-1"},"canonical":"https:\/\/blogphotographie.com\/fr_fr\/comment-la-lumiere-devient-un-fichier-photo\/","og_locale":"fr_FR","og_type":"article","og_title":"Comment la lumi\u00e8re devient un fichier photo - Blog photographie","og_description":"La photo ne na\u00eet pas quand tu ouvres ton fichier. Elle na\u00eet d\u00e8s le d\u00e9clenchement. Comprends ce que le bo\u00eetier fait d\u00e9j\u00e0 \u00e0 ta lumi\u00e8re avant Lightroom.","og_url":"https:\/\/blogphotographie.com\/fr_fr\/comment-la-lumiere-devient-un-fichier-photo\/","og_site_name":"Blog photographie","article_publisher":"https:\/\/www.facebook.com\/leblogphotographie","article_author":"https:\/\/www.facebook.com\/leblogphotographie","article_published_time":"2026-03-16T12:59:37+00:00","article_modified_time":"2026-03-31T21:45:04+00:00","og_image":[{"width":2560,"height":1440,"url":"https:\/\/blogphotographie.com\/wp-content\/uploads\/Comment-la-lumiere-devient-un-fichier-photo-scaled.jpg","type":"image\/jpeg"}],"author":"Blog Photographie","twitter_card":"summary_large_image","twitter_creator":"@sylvainxperrier","twitter_site":"@sylvainxperrier","twitter_misc":{"\u00c9crit par":"Blog Photographie","Dur\u00e9e de lecture estim\u00e9e":"19 minutes"},"schema":{"@context":"https:\/\/schema.org","@graph":[{"@type":"Article","@id":"https:\/\/blogphotographie.com\/comment-la-lumiere-devient-un-fichier-photo\/#article","isPartOf":{"@id":"https:\/\/blogphotographie.com\/comment-la-lumiere-devient-un-fichier-photo\/"},"author":{"name":"Blog Photographie","@id":"https:\/\/blogphotographie.com\/#\/schema\/person\/5059e59b1012006c7ca43b6330053a01"},"headline":"Comment la lumi\u00e8re devient un fichier photo","datePublished":"2026-03-16T12:59:37+00:00","dateModified":"2026-03-31T21:45:04+00:00","mainEntityOfPage":{"@id":"https:\/\/blogphotographie.com\/comment-la-lumiere-devient-un-fichier-photo\/"},"wordCount":3995,"publisher":{"@id":"https:\/\/blogphotographie.com\/#\/schema\/person\/5059e59b1012006c7ca43b6330053a01"},"image":{"@id":"https:\/\/blogphotographie.com\/comment-la-lumiere-devient-un-fichier-photo\/#primaryimage"},"thumbnailUrl":"https:\/\/blogphotographie.com\/wp-content\/uploads\/Comment-la-lumiere-devient-un-fichier-photo-scaled.jpg","keywords":["aper\u00e7u bo\u00eetier","balance des blancs","capteur photo","d\u00e9matri\u00e7age","espace colorim\u00e9trique","fichier brut","format photo","HEIF","histogramme RAW JPEG","JPEG","latitude tonale","matrice de Bayer","photons","pipeline image","plage dynamique","profil couleur","profondeur de bits","RAW"],"articleSection":["L\u2019Outil","La Lumi\u00e8re"],"inLanguage":"fr-FR"},{"@type":"WebPage","@id":"https:\/\/blogphotographie.com\/comment-la-lumiere-devient-un-fichier-photo\/","url":"https:\/\/blogphotographie.com\/comment-la-lumiere-devient-un-fichier-photo\/","name":"Comment la lumi\u00e8re devient un fichier photo - Blog photographie","isPartOf":{"@id":"https:\/\/blogphotographie.com\/#website"},"primaryImageOfPage":{"@id":"https:\/\/blogphotographie.com\/comment-la-lumiere-devient-un-fichier-photo\/#primaryimage"},"image":{"@id":"https:\/\/blogphotographie.com\/comment-la-lumiere-devient-un-fichier-photo\/#primaryimage"},"thumbnailUrl":"https:\/\/blogphotographie.com\/wp-content\/uploads\/Comment-la-lumiere-devient-un-fichier-photo-scaled.jpg","datePublished":"2026-03-16T12:59:37+00:00","dateModified":"2026-03-31T21:45:04+00:00","description":"La photo ne na\u00eet pas quand tu ouvres ton fichier. Elle na\u00eet d\u00e8s le d\u00e9clenchement. Comprends ce que le bo\u00eetier fait d\u00e9j\u00e0 \u00e0 ta lumi\u00e8re avant Lightroom.","breadcrumb":{"@id":"https:\/\/blogphotographie.com\/comment-la-lumiere-devient-un-fichier-photo\/#breadcrumb"},"inLanguage":"fr-FR","potentialAction":[{"@type":"ReadAction","target":["https:\/\/blogphotographie.com\/comment-la-lumiere-devient-un-fichier-photo\/"]}]},{"@type":"ImageObject","inLanguage":"fr-FR","@id":"https:\/\/blogphotographie.com\/comment-la-lumiere-devient-un-fichier-photo\/#primaryimage","url":"https:\/\/blogphotographie.com\/wp-content\/uploads\/Comment-la-lumiere-devient-un-fichier-photo-scaled.jpg","contentUrl":"https:\/\/blogphotographie.com\/wp-content\/uploads\/Comment-la-lumiere-devient-un-fichier-photo-scaled.jpg","width":2560,"height":1440,"caption":"Comment la lumi\u00e8re devient un fichier photo"},{"@type":"BreadcrumbList","@id":"https:\/\/blogphotographie.com\/comment-la-lumiere-devient-un-fichier-photo\/#breadcrumb","itemListElement":[{"@type":"ListItem","position":1,"name":"Accueil","item":"https:\/\/blogphotographie.com\/"},{"@type":"ListItem","position":2,"name":"Comment la lumi\u00e8re devient un fichier photo"}]},{"@type":"WebSite","@id":"https:\/\/blogphotographie.com\/#website","url":"https:\/\/blogphotographie.com\/","name":"Blog photographie","description":"Le Chemin Photographique \u2014 De l\u2019\u0152il \u00e0 l\u2019Image","publisher":{"@id":"https:\/\/blogphotographie.com\/#\/schema\/person\/5059e59b1012006c7ca43b6330053a01"},"potentialAction":[{"@type":"SearchAction","target":{"@type":"EntryPoint","urlTemplate":"https:\/\/blogphotographie.com\/?s={search_term_string}"},"query-input":{"@type":"PropertyValueSpecification","valueRequired":true,"valueName":"search_term_string"}}],"inLanguage":"fr-FR"},{"@type":["Person","Organization"],"@id":"https:\/\/blogphotographie.com\/#\/schema\/person\/5059e59b1012006c7ca43b6330053a01","name":"Blog Photographie","image":{"@type":"ImageObject","inLanguage":"fr-FR","@id":"https:\/\/blogphotographie.com\/wp-content\/uploads\/logo.png","url":"https:\/\/blogphotographie.com\/wp-content\/uploads\/logo.png","contentUrl":"https:\/\/blogphotographie.com\/wp-content\/uploads\/logo.png","width":800,"height":800,"caption":"Blog Photographie"},"logo":{"@id":"https:\/\/blogphotographie.com\/wp-content\/uploads\/logo.png"},"sameAs":["https:\/\/blogphotographie.com","https:\/\/www.facebook.com\/leblogphotographie","https:\/\/www.instagram.com\/leblogphotographie","https:\/\/www.pinterest.ca\/sylvain_perrier","https:\/\/x.com\/sylvainxperrier","https:\/\/www.youtube.com\/user\/lencadreursylvain","https:\/\/www.tumblr.com\/blog\/sylvainperrierfotografi"]}]}},"jetpack_featured_media_url":"https:\/\/blogphotographie.com\/wp-content\/uploads\/Comment-la-lumiere-devient-un-fichier-photo-scaled.jpg","jetpack_sharing_enabled":true,"jetpack_likes_enabled":true,"_links":{"self":[{"href":"https:\/\/blogphotographie.com\/fr_fr\/wp-json\/wp\/v2\/posts\/9322","targetHints":{"allow":["GET"]}}],"collection":[{"href":"https:\/\/blogphotographie.com\/fr_fr\/wp-json\/wp\/v2\/posts"}],"about":[{"href":"https:\/\/blogphotographie.com\/fr_fr\/wp-json\/wp\/v2\/types\/post"}],"author":[{"embeddable":true,"href":"https:\/\/blogphotographie.com\/fr_fr\/wp-json\/wp\/v2\/users\/1"}],"replies":[{"embeddable":true,"href":"https:\/\/blogphotographie.com\/fr_fr\/wp-json\/wp\/v2\/comments?post=9322"}],"version-history":[{"count":6,"href":"https:\/\/blogphotographie.com\/fr_fr\/wp-json\/wp\/v2\/posts\/9322\/revisions"}],"predecessor-version":[{"id":9332,"href":"https:\/\/blogphotographie.com\/fr_fr\/wp-json\/wp\/v2\/posts\/9322\/revisions\/9332"}],"wp:featuredmedia":[{"embeddable":true,"href":"https:\/\/blogphotographie.com\/fr_fr\/wp-json\/wp\/v2\/media\/9328"}],"wp:attachment":[{"href":"https:\/\/blogphotographie.com\/fr_fr\/wp-json\/wp\/v2\/media?parent=9322"}],"wp:term":[{"taxonomy":"category","embeddable":true,"href":"https:\/\/blogphotographie.com\/fr_fr\/wp-json\/wp\/v2\/categories?post=9322"},{"taxonomy":"post_tag","embeddable":true,"href":"https:\/\/blogphotographie.com\/fr_fr\/wp-json\/wp\/v2\/tags?post=9322"}],"curies":[{"name":"wp","href":"https:\/\/api.w.org\/{rel}","templated":true}]}}