{"id":9285,"date":"2026-03-12T14:34:23","date_gmt":"2026-03-12T18:34:23","guid":{"rendered":"https:\/\/blogphotographie.com\/?p=9285"},"modified":"2026-03-31T17:44:03","modified_gmt":"2026-03-31T21:44:03","slug":"combien-charger-pour-une-seance-photo","status":"publish","type":"post","link":"https:\/\/blogphotographie.com\/fr_fr\/combien-charger-pour-une-seance-photo\/","title":{"rendered":"Combien charger pour une s\u00e9ance photo ? Utilise ce calculateur gratuit pour le savoir"},"content":{"rendered":"<h2 class=\"wp-block-heading\">L&rsquo;erreur que font presque tous les photographes d\u00e9butants<\/h2>\n\n\n\n<p>T&rsquo;as une s\u00e9ance de pr\u00e9vue. Le client te pose LA question : \u00ab C&rsquo;est combien ? \u00bb<\/p>\n\n\n\n<p>Et l\u00e0, t&rsquo;h\u00e9sites. Tu penses \u00e0 ce que charge ton coll\u00e8gue photographe. Tu te demandes si ton prix va faire fuir. Tu lances un chiffre en esp\u00e9rant que \u00e7a sonne professionnel.<\/p>\n\n\n\n<p>Je l&rsquo;ai fait. Presque tout le monde le fait.<\/p>\n\n\n\n<p>Le probl\u00e8me, c&rsquo;est qu&rsquo;on fixe nos prix \u00e0 l&rsquo;instinct ou en se comparant aux autres, sans vraiment savoir ce que notre travail nous co\u00fbte. Et \u00e0 la fin de l&rsquo;ann\u00e9e, on r\u00e9alise qu&rsquo;on a travaill\u00e9 beaucoup&#8230; pour pas grand-chose.<\/p>\n\n\n\n<p>C&rsquo;est pour \u00e7a que j&rsquo;ai cr\u00e9\u00e9 ce calculateur. Pas pour te dire quoi charger, mais pour t&rsquo;aider \u00e0 voir la vraie valeur de ce que tu fais.<\/p>\n\n\n<div class=\"wp-block-image\">\n<figure class=\"aligncenter size-full\"><img loading=\"lazy\" decoding=\"async\" width=\"1920\" height=\"1080\" data-attachment-id=\"9291\" data-permalink=\"https:\/\/blogphotographie.com\/fr_fr\/combien-charger-pour-une-seance-photo\/photographe-fixe-prix-seance-photo\/\" data-orig-file=\"https:\/\/blogphotographie.com\/wp-content\/uploads\/photographe-fixe-prix-seance-photo.jpg\" data-orig-size=\"1920,1080\" data-comments-opened=\"0\" data-image-meta=\"{&quot;aperture&quot;:&quot;2&quot;,&quot;credit&quot;:&quot;Sylvain Perrier&quot;,&quot;camera&quot;:&quot;Canon EOS 6D&quot;,&quot;caption&quot;:&quot;&quot;,&quot;created_timestamp&quot;:&quot;1453811786&quot;,&quot;copyright&quot;:&quot;&quot;,&quot;focal_length&quot;:&quot;135&quot;,&quot;iso&quot;:&quot;100&quot;,&quot;shutter_speed&quot;:&quot;0.004&quot;,&quot;title&quot;:&quot;&quot;,&quot;orientation&quot;:&quot;0&quot;}\" data-image-title=\"photographe-fixe-prix-seance-photo\" data-image-description=\"\" data-image-caption=\"\" data-large-file=\"https:\/\/blogphotographie.com\/wp-content\/uploads\/photographe-fixe-prix-seance-photo-1024x576.jpg\" src=\"https:\/\/blogphotographie.com\/wp-content\/uploads\/photographe-fixe-prix-seance-photo.jpg\" alt=\"photographe-fixe-prix-seance-photo\" class=\"wp-image-9291\" srcset=\"https:\/\/blogphotographie.com\/wp-content\/uploads\/photographe-fixe-prix-seance-photo.jpg 1920w, https:\/\/blogphotographie.com\/wp-content\/uploads\/photographe-fixe-prix-seance-photo-300x169.jpg 300w, https:\/\/blogphotographie.com\/wp-content\/uploads\/photographe-fixe-prix-seance-photo-1024x576.jpg 1024w, https:\/\/blogphotographie.com\/wp-content\/uploads\/photographe-fixe-prix-seance-photo-768x432.jpg 768w, https:\/\/blogphotographie.com\/wp-content\/uploads\/photographe-fixe-prix-seance-photo-1536x864.jpg 1536w, https:\/\/blogphotographie.com\/wp-content\/uploads\/photographe-fixe-prix-seance-photo-18x10.jpg 18w\" sizes=\"auto, (max-width: 1920px) 100vw, 1920px\" \/><figcaption class=\"wp-element-caption\"><em>photographe qui h\u00e9site avant de donner son prix \u00e0 un client<\/em><\/figcaption><\/figure>\n<\/div>\n\n\n<h2 class=\"wp-block-heading\">Une s\u00e9ance photo, c&rsquo;est bien plus que du temps devant le sujet<\/h2>\n\n\n\n<p>Quand un client te dit \u00ab c&rsquo;est juste une heure de photos \u00bb, il ne voit pas ce que \u00e7a implique vraiment. Voyons \u00e7a ensemble.<\/p>\n\n\n\n<p>Pour une s\u00e9ance portrait d&rsquo;une heure avec 30 photos livr\u00e9es :<\/p>\n\n\n\n<ul class=\"wp-block-list\">\n<li>1 heure de prise de photos (le bout visible)<\/li>\n\n\n\n<li>30 \u00e0 45 minutes de s\u00e9lection et de tri<\/li>\n\n\n\n<li>4 \u00e0 5 heures de retouches (\u00e0 8 minutes par photo)<\/li>\n\n\n\n<li>45 minutes \u00e0 1 heure de communication avec le client (avant et apr\u00e8s)<\/li>\n\n\n\n<li>30 minutes de d\u00e9placement aller-retour<\/li>\n\n\n\n<li>30 minutes de livraison, galerie en ligne, facturation<\/li>\n<\/ul>\n\n\n\n<p>On est d\u00e9j\u00e0 \u00e0 8 heures de travail pour \u00ab une heure de s\u00e9ance \u00bb. Tu charges combien de l&rsquo;heure, toi ?<\/p>\n\n\n\n<p>Le <a href=\"https:\/\/blogphotographie.com\/fr_fr\/calculateur-destimation-seance-photo-et-mariage\/\">Calculateur d&rsquo;estimation &#8211; S\u00e9ance photo et Mariage<\/a> fait exactement ce calcul-l\u00e0. Il additionne tous ces blocs de temps, applique ton taux horaire, et te sort un montant r\u00e9aliste \u00e0 pr\u00e9senter \u00e0 ton client.<\/p>\n\n\n\n<p>Si tu veux mieux comprendre tout ce que repr\u00e9sente le travail de post-traitement dans ton offre de services, l&rsquo;article <a href=\"https:\/\/blogphotographie.com\/fr_fr\/post-traitement-en-photographie\/\">Post-traitement en photographie<\/a> te donne une excellente base de d\u00e9part.<\/p>\n\n\n\n<h2 class=\"wp-block-heading\">Comment fonctionne le calculateur 3 onglets, 3 situations<\/h2>\n\n\n\n<p>L&rsquo;outil est divis\u00e9 en trois sections selon ton contexte :<\/p>\n\n\n\n<h3 class=\"wp-block-heading\">\ud83d\udcf7 S\u00e9ance r\u00e9guli\u00e8re<\/h3>\n\n\n\n<p>C&rsquo;est l&rsquo;onglet que tu vas utiliser pour 90 % de tes contrats : portrait individuel, famille, b\u00e9b\u00e9, grossesse, corporatif, \u00e9cole, animaux, bref, tout ce qui n&rsquo;est pas un mariage.<\/p>\n\n\n\n<p>Tu entres ton taux horaire, la dur\u00e9e de la s\u00e9ance, le nombre de photos \u00e0 livrer et le temps de retouche moyen par photo. Le reste se calcule automatiquement : s\u00e9lection, tri, d\u00e9placement, livraison.<\/p>\n\n\n\n<h3 class=\"wp-block-heading\">\ud83d\udc8d Mariage<\/h3>\n\n\n\n<p>Un mariage, c&rsquo;est une tout autre r\u00e9alit\u00e9. Journ\u00e9e de 10 \u00e0 12 heures, 500 photos ou plus, s\u00e9ance de fian\u00e7ailles, r\u00e9unions de planification, 2e photographe, album. Les champs sont adapt\u00e9s pour capturer tout \u00e7a.<\/p>\n\n\n\n<p>Le co\u00fbt du 2e photographe se calcule automatiquement selon son taux et la dur\u00e9e. La s\u00e9ance de fian\u00e7ailles s&rsquo;ajoute ou se retire avec un simple interrupteur.<\/p>\n\n\n\n<h3 class=\"wp-block-heading\">\ud83d\udccb R\u00e9f\u00e9rence<\/h3>\n\n\n\n<p>Pas de calcul ici, juste une grille de taux horaires habituels pour Gatineau et l&rsquo;Outaouais, les temps de retouche par type de s\u00e9ance, et quelques rappels importants (contrat, taxes, \u00e9quipement de backup, etc.).<\/p>\n\n\n<div class=\"wp-block-image\">\n<figure class=\"aligncenter size-full\"><img loading=\"lazy\" decoding=\"async\" width=\"936\" height=\"126\" data-attachment-id=\"9290\" data-permalink=\"https:\/\/blogphotographie.com\/fr_fr\/combien-charger-pour-une-seance-photo\/calculateur-estimation-photo-onglets\/\" data-orig-file=\"https:\/\/blogphotographie.com\/wp-content\/uploads\/calculateur-estimation-photo-onglets.jpg\" data-orig-size=\"936,126\" data-comments-opened=\"0\" data-image-meta=\"{&quot;aperture&quot;:&quot;0&quot;,&quot;credit&quot;:&quot;&quot;,&quot;camera&quot;:&quot;&quot;,&quot;caption&quot;:&quot;&quot;,&quot;created_timestamp&quot;:&quot;0&quot;,&quot;copyright&quot;:&quot;&quot;,&quot;focal_length&quot;:&quot;0&quot;,&quot;iso&quot;:&quot;0&quot;,&quot;shutter_speed&quot;:&quot;0&quot;,&quot;title&quot;:&quot;&quot;,&quot;orientation&quot;:&quot;0&quot;}\" data-image-title=\"calculateur-estimation-photo-onglets\" data-image-description=\"\" data-image-caption=\"\" data-large-file=\"https:\/\/blogphotographie.com\/wp-content\/uploads\/calculateur-estimation-photo-onglets.jpg\" src=\"https:\/\/blogphotographie.com\/wp-content\/uploads\/calculateur-estimation-photo-onglets.jpg\" alt=\"calculateur-estimation-photo-onglets\" class=\"wp-image-9290\" srcset=\"https:\/\/blogphotographie.com\/wp-content\/uploads\/calculateur-estimation-photo-onglets.jpg 936w, https:\/\/blogphotographie.com\/wp-content\/uploads\/calculateur-estimation-photo-onglets-300x40.jpg 300w, https:\/\/blogphotographie.com\/wp-content\/uploads\/calculateur-estimation-photo-onglets-768x103.jpg 768w, https:\/\/blogphotographie.com\/wp-content\/uploads\/calculateur-estimation-photo-onglets-18x2.jpg 18w\" sizes=\"auto, (max-width: 936px) 100vw, 936px\" \/><figcaption class=\"wp-element-caption\"><em>Aper\u00e7u des trois onglets du calculateur d&rsquo;estimation photo et mariage<\/em><\/figcaption><\/figure>\n<\/div>\n\n\n<h2 class=\"wp-block-heading\">Les cases bleues, les taxes, la surcharge \u00e9quipement on d\u00e9mystifie tout<\/h2>\n\n\n\n<h3 class=\"wp-block-heading\">Les cases bleues<\/h3>\n\n\n\n<p>Dans le calculateur, seules les cases bleues sont \u00e0 remplir. Les cases grises se calculent automatiquement. Laisse \u00e0 0 tout ce qui ne s&rsquo;applique pas \u00e0 ta situation. Simple.<\/p>\n\n\n\n<h3 class=\"wp-block-heading\">La surcharge \u00e9quipement (10 % par d\u00e9faut)<\/h3>\n\n\n\n<p>Ton appareil photo, tes objectifs, tes flashes, tout \u00e7a a une dur\u00e9e de vie. Le 10 % s&rsquo;ajoute sur le sous-total pour que tu mettes de c\u00f4t\u00e9 de quoi \u00e9ventuellement remplacer ton mat\u00e9riel.<\/p>\n\n\n\n<p>C&rsquo;est pas du profit, c&rsquo;est de la pr\u00e9voyance. Un photographe qui ne tient pas compte de l&rsquo;usure de son \u00e9quipement se retrouve \u00e9ventuellement \u00e0 devoir tout racheter de sa poche.<\/p>\n\n\n\n<h3 class=\"wp-block-heading\">Les taxes TPS et TVQ<\/h3>\n\n\n\n<p>Si tes revenus annuels de travail autonome d\u00e9passent 30 000 $, tu dois t&rsquo;inscrire aux taxes et les percevoir de tes clients. En dessous de ce seuil, c&rsquo;est optionnel.<\/p>\n\n\n\n<p>Le calculateur a un interrupteur \u00ab Taxes \u00bb. Active-le si tu es inscrit TPS (5 %) et TVQ (9,975 %) s&rsquo;ajoutent automatiquement au total.<\/p>\n\n\n\n<p><em>Si tu n&rsquo;es pas s\u00fbr de ton statut fiscal, parle \u00e0 un comptable. C&rsquo;est un investissement qui se rembourse rapidement.<\/em><\/p>\n\n\n\n<h2 class=\"wp-block-heading\">L&rsquo;acompte \u00e0 la r\u00e9servation pourquoi c&rsquo;est indispensable<\/h2>\n\n\n\n<p>Le calculateur a une section Acompte et Solde. Entre le montant que tu demandes \u00e0 la signature, et tu vois automatiquement ce qu&rsquo;il reste \u00e0 percevoir.<\/p>\n\n\n\n<p>Pourquoi demander un acompte ?<\/p>\n\n\n\n<ul class=\"wp-block-list\">\n<li>\u00c7a prot\u00e8ge ton temps si le client annule \u00e0 la derni\u00e8re minute<\/li>\n\n\n\n<li>\u00c7a confirme l&rsquo;engagement s\u00e9rieux du client<\/li>\n\n\n\n<li>Pour un mariage, \u00e7a r\u00e9serve officiellement ta date dans le calendrier<\/li>\n<\/ul>\n\n\n\n<p>En r\u00e8gle g\u00e9n\u00e9rale : 25 \u00e0 50 % pour une s\u00e9ance r\u00e9guli\u00e8re, 30 \u00e0 50 % pour un mariage. L&rsquo;acompte de mariage est souvent non remboursable cette clause doit \u00eatre dans ton contrat.<\/p>\n\n\n\n<p>En parlant de contrat, si tu te demandes ce qui est vraiment l\u00e9galement valable quand on travaille par \u00e9crit au Qu\u00e9bec, l&rsquo;article <a href=\"https:\/\/blogphotographie.com\/fr_fr\/engagement-par-courriel-est-ce-un-contrat\/\">Engagement par courriel \u2013 Est-ce un Contrat pour un Photographe au Qu\u00e9bec<\/a> r\u00e9pond \u00e0 cette question importante.<\/p>\n\n\n\n<h2 class=\"wp-block-heading\">Mariage vs s\u00e9ance r\u00e9guli\u00e8re, les diff\u00e9rences qui changent tout<\/h2>\n\n\n\n<p>Un des plus grands pi\u00e8ges pour un photographe qui commence \u00e0 faire des mariages, c&rsquo;est d&rsquo;appliquer la m\u00eame logique de prix qu&rsquo;une s\u00e9ance ordinaire.<\/p>\n\n\n\n<p>Voici ce qui est fondamentalement diff\u00e9rent :<\/p>\n\n\n\n<ul class=\"wp-block-list\">\n<li>La dur\u00e9e : une journ\u00e9e compl\u00e8te demande 8 \u00e0 12 heures de pr\u00e9sence, pas 1 ou 2<\/li>\n\n\n\n<li>La pression : tu n&rsquo;as pas de deuxi\u00e8me chance pour la c\u00e9r\u00e9monie<\/li>\n\n\n\n<li>L&rsquo;\u00e9quipement : un backup complet est obligatoire (2e corps, flash de rechange, batteries, cartes extra)<\/li>\n\n\n\n<li>La pr\u00e9paration : r\u00e9unions de planification, visites de lieux, \u00e9changes de courriels sur plusieurs mois<\/li>\n\n\n\n<li>Le post-traitement : 500 photos \u00e0 retoucher \u00e0 12 minutes chacune, c&rsquo;est 100 heures de travail<\/li>\n\n\n\n<li>La livraison : galerie en ligne, album photo, suivi post-mariage<\/li>\n<\/ul>\n\n\n\n<p>C&rsquo;est pour \u00e7a que le taux horaire pour un mariage est g\u00e9n\u00e9ralement plus \u00e9lev\u00e9 qu&rsquo;une s\u00e9ance r\u00e9guli\u00e8re et c&rsquo;est tout \u00e0 fait justifi\u00e9.<\/p>\n\n\n<div class=\"wp-block-image\">\n<figure class=\"aligncenter size-full\"><img loading=\"lazy\" decoding=\"async\" width=\"2560\" height=\"1017\" data-attachment-id=\"9292\" data-permalink=\"https:\/\/blogphotographie.com\/fr_fr\/combien-charger-pour-une-seance-photo\/photographe-mariage-en-action\/\" data-orig-file=\"https:\/\/blogphotographie.com\/wp-content\/uploads\/photographe-mariage-en-action-scaled.jpg\" data-orig-size=\"2560,1017\" data-comments-opened=\"0\" data-image-meta=\"{&quot;aperture&quot;:&quot;0&quot;,&quot;credit&quot;:&quot;&quot;,&quot;camera&quot;:&quot;&quot;,&quot;caption&quot;:&quot;&quot;,&quot;created_timestamp&quot;:&quot;1622809956&quot;,&quot;copyright&quot;:&quot;&quot;,&quot;focal_length&quot;:&quot;0&quot;,&quot;iso&quot;:&quot;0&quot;,&quot;shutter_speed&quot;:&quot;0&quot;,&quot;title&quot;:&quot;&quot;,&quot;orientation&quot;:&quot;0&quot;}\" data-image-title=\"photographe-mariage-en-action\" data-image-description=\"\" data-image-caption=\"\" data-large-file=\"https:\/\/blogphotographie.com\/wp-content\/uploads\/photographe-mariage-en-action-1024x407.jpg\" src=\"https:\/\/blogphotographie.com\/wp-content\/uploads\/photographe-mariage-en-action-scaled.jpg\" alt=\"photographe-mariage-en-action\" class=\"wp-image-9292\" srcset=\"https:\/\/blogphotographie.com\/wp-content\/uploads\/photographe-mariage-en-action-scaled.jpg 2560w, https:\/\/blogphotographie.com\/wp-content\/uploads\/photographe-mariage-en-action-300x119.jpg 300w, https:\/\/blogphotographie.com\/wp-content\/uploads\/photographe-mariage-en-action-1024x407.jpg 1024w, https:\/\/blogphotographie.com\/wp-content\/uploads\/photographe-mariage-en-action-768x305.jpg 768w, https:\/\/blogphotographie.com\/wp-content\/uploads\/photographe-mariage-en-action-1536x610.jpg 1536w, https:\/\/blogphotographie.com\/wp-content\/uploads\/photographe-mariage-en-action-2048x813.jpg 2048w, https:\/\/blogphotographie.com\/wp-content\/uploads\/photographe-mariage-en-action-18x7.jpg 18w\" sizes=\"auto, (max-width: 2560px) 100vw, 2560px\" \/><figcaption class=\"wp-element-caption\"><em><em>photographe de mariage qui capture la c\u00e9r\u00e9monie avec un \u00e9quipement professionnel<\/em><\/em><\/figcaption><\/figure>\n<\/div>\n\n\n<h2 class=\"wp-block-heading\">Un conseil de terrain : utilise le calculateur comme plancher, pas comme plafond<\/h2>\n\n\n\n<p>Ce que le calculateur te donne, c&rsquo;est le minimum que tu devrais charger pour couvrir ton temps et tes frais r\u00e9els. C&rsquo;est ton plancher.<\/p>\n\n\n\n<p>Ton prix de vente peut et devrait tenir compte d&rsquo;autres facteurs :<\/p>\n\n\n\n<ul class=\"wp-block-list\">\n<li>Ton niveau d&rsquo;exp\u00e9rience et la qualit\u00e9 de ton portfolio<\/li>\n\n\n\n<li>Le march\u00e9 local (Gatineau et Outaouais vs grandes villes)<\/li>\n\n\n\n<li>La valeur per\u00e7ue de tes services<\/li>\n\n\n\n<li>La demande et ta disponibilit\u00e9<\/li>\n<\/ul>\n\n\n\n<p>Un photographe tr\u00e8s en demande avec un beau portfolio peut facturer deux fois le plancher calcul\u00e9 et ses clients sont heureux de payer. Un d\u00e9butant qui b\u00e2tit son portfolio va s&rsquo;y coller plus pr\u00e8s au d\u00e9but.<\/p>\n\n\n\n<p>L&rsquo;important, c&rsquo;est de savoir o\u00f9 est ton plancher pour ne jamais travailler \u00e0 perte.<\/p>\n\n\n\n<p><em>Le vrai probl\u00e8me de la photographie low-cost, c&rsquo;est pas les clients qui veulent payer moins. C&rsquo;est les photographes qui ne connaissent pas leur co\u00fbt de revient.<\/em><\/p>\n\n\n\n<p>Si tu veux aller plus loin sur ce qui distingue un photographe amateur d&rsquo;un professionnel dans sa fa\u00e7on de g\u00e9rer son activit\u00e9, l&rsquo;article <a href=\"https:\/\/blogphotographie.com\/fr_fr\/quest-ce-quun-photographe-professionnel-aujourdhui\/\">Qu&rsquo;est-ce qu&rsquo;un photographe professionnel aujourd&rsquo;hui ?<\/a> vaut le d\u00e9tour. Et si ton portfolio n&rsquo;est pas encore en ligne, l&rsquo;article <a href=\"https:\/\/blogphotographie.com\/fr_fr\/comment-creer-un-portfolio-pour-photographe\/\">Cr\u00e9er un portfolio pour photographe<\/a> t&rsquo;explique comment t&rsquo;y prendre pas \u00e0 pas.<\/p>\n\n\n\n<p>Pour approfondir la question de la tarification en g\u00e9n\u00e9ral, l&rsquo;article <a href=\"https:\/\/blogphotographie.com\/fr_fr\/strategies-de-tarification-pour-photographes\/\">Strat\u00e9gies de tarification pour photographes<\/a> compl\u00e8te bien ce que le calculateur te permet de faire.<\/p>\n\n\n\n<h2 class=\"wp-block-heading\">Comment sauvegarder ton estimation<\/h2>\n\n\n\n<p>L&rsquo;outil ne sauvegarde rien en ligne tout reste dans ton navigateur. \u00c7a veut dire que si tu fermes la page, les chiffres s&rsquo;effacent.<\/p>\n\n\n\n<p>Pour garder une copie :<\/p>\n\n\n\n<ul class=\"wp-block-list\">\n<li>Clique sur Imprimer \/ Sauvegarder PDF<\/li>\n\n\n\n<li>Choisis Enregistrer en PDF dans la fen\u00eatre d&rsquo;impression<\/li>\n\n\n\n<li>Tu peux aussi juste faire une capture d&rsquo;\u00e9cran du sommaire<\/li>\n<\/ul>\n\n\n\n<p>L&rsquo;outil fonctionne aussi tr\u00e8s bien sur t\u00e9l\u00e9phone. Pratique quand tu es avec un client et qu&rsquo;il te demande un prix sur place.<\/p>\n\n\n\n<h2 class=\"wp-block-heading\">En r\u00e9sum\u00e9<\/h2>\n\n\n\n<p>Fixer ses prix en photographie, c&rsquo;est pas une question de \u00ab combien je peux demander sans faire fuir le client \u00bb. C&rsquo;est une question de \u00ab combien \u00e7a me co\u00fbte vraiment de faire ce travail \u00bb.<\/p>\n\n\n\n<p>Ce calculateur ne va pas fixer tes prix \u00e0 ta place c&rsquo;est toi qui connais ton march\u00e9, ton niveau et ta valeur. Mais il va te donner des chiffres r\u00e9els sur lesquels baser tes d\u00e9cisions.<\/p>\n\n\n\n<p>Essaie-le avec ta prochaine s\u00e9ance. Tu pourrais \u00eatre surpris du r\u00e9sultat.<\/p>\n\n\n\n<p><strong>Le calculateur s&rsquo;ouvre dans un nouvel onglet, tu pourras revenir \u00e0 cet article en tout temps pendant que tu entres tes chiffres<\/strong>.<\/p>\n\n\n\n<div class=\"wp-block-buttons is-layout-flex wp-block-buttons-is-layout-flex\">\n<div class=\"wp-block-button\"><a class=\"wp-block-button__link wp-element-button\" href=\"https:\/\/blogphotographie.com\/fr_fr\/calculateur-destimation-seance-photo-et-mariage\/\" target=\"_blank\" rel=\"noreferrer noopener\">Acc\u00e8de au Calculateur d&rsquo;estimation &#8211; S\u00e9ance photo et Mariage<\/a><\/div>\n<\/div>\n\n\n\n<h2 class=\"wp-block-heading\">Liens connexes<\/h2>\n\n\n\n<ul class=\"wp-block-list\">\n<li><a href=\"https:\/\/blogphotographie.com\/fr_fr\/strategies-de-tarification-pour-photographes\/\">Strat\u00e9gies de tarification pour photographes<\/a><\/li>\n\n\n\n<li><a href=\"https:\/\/blogphotographie.com\/fr_fr\/post-traitement-en-photographie\/\">Post-traitement en photographie<\/a><\/li>\n\n\n\n<li><a href=\"https:\/\/blogphotographie.com\/fr_fr\/quest-ce-quun-photographe-professionnel-aujourdhui\/\">Qu&rsquo;est-ce qu&rsquo;un photographe professionnel aujourd&rsquo;hui ?<\/a><\/li>\n\n\n\n<li><a href=\"https:\/\/blogphotographie.com\/fr_fr\/comment-creer-un-portfolio-pour-photographe\/\">Cr\u00e9er un portfolio pour photographe<\/a><\/li>\n\n\n\n<li><a href=\"https:\/\/blogphotographie.com\/fr_fr\/engagement-par-courriel-est-ce-un-contrat\/\">Engagement par courriel \u2013 Est-ce un Contrat pour un Photographe au Qu\u00e9bec<\/a><\/li>\n<\/ul>\n\n\n\n<figure class=\"wp-block-image size-full\"><img loading=\"lazy\" decoding=\"async\" width=\"1920\" height=\"237\" data-attachment-id=\"5579\" data-permalink=\"https:\/\/blogphotographie.com\/fr_fr\/modes-de-mesure-en-photographie\/faq\/\" data-orig-file=\"https:\/\/blogphotographie.com\/wp-content\/uploads\/faq.jpg\" data-orig-size=\"1920,237\" data-comments-opened=\"1\" data-image-meta=\"{&quot;aperture&quot;:&quot;0&quot;,&quot;credit&quot;:&quot;&quot;,&quot;camera&quot;:&quot;&quot;,&quot;caption&quot;:&quot;&quot;,&quot;created_timestamp&quot;:&quot;0&quot;,&quot;copyright&quot;:&quot;&quot;,&quot;focal_length&quot;:&quot;0&quot;,&quot;iso&quot;:&quot;0&quot;,&quot;shutter_speed&quot;:&quot;0&quot;,&quot;title&quot;:&quot;&quot;,&quot;orientation&quot;:&quot;0&quot;}\" data-image-title=\"faq\" data-image-description=\"\" data-image-caption=\"\" data-large-file=\"https:\/\/blogphotographie.com\/wp-content\/uploads\/faq.jpg\" src=\"https:\/\/blogphotographie.com\/wp-content\/uploads\/faq.jpg\" alt=\"\" class=\"wp-image-5579\" srcset=\"https:\/\/blogphotographie.com\/wp-content\/uploads\/faq.jpg 1920w, https:\/\/blogphotographie.com\/wp-content\/uploads\/faq-1225x151.jpg 1225w, https:\/\/blogphotographie.com\/wp-content\/uploads\/faq-768x95.jpg 768w, https:\/\/blogphotographie.com\/wp-content\/uploads\/faq-1536x189.jpg 1536w, https:\/\/blogphotographie.com\/wp-content\/uploads\/faq-2048x252.jpg 2048w, https:\/\/blogphotographie.com\/wp-content\/uploads\/faq-18x2.jpg 18w, https:\/\/blogphotographie.com\/wp-content\/uploads\/faq-335x41.jpg 335w, https:\/\/blogphotographie.com\/wp-content\/uploads\/faq-1050x129.jpg 1050w\" sizes=\"auto, (max-width: 1920px) 100vw, 1920px\" \/><\/figure>\n\n\n\n<h2 class=\"wp-block-heading\">FAQ \u2014 Questions fr\u00e9quentes<\/h2>\n\n\n\n<p><strong>Est-ce que ce calculateur est adapt\u00e9 au march\u00e9 de Gatineau et l&rsquo;Outaouais ?<\/strong><\/p>\n\n\n\n<p>Oui. Les taux de r\u00e9f\u00e9rence dans l&rsquo;onglet R\u00e9f\u00e9rence tiennent compte du march\u00e9 local. Cela dit, tu restes libre d&rsquo;entrer ton propre taux horaire le calculateur s&rsquo;adapte \u00e0 ce que tu indiques.<\/p>\n\n\n\n<p><strong>Puis-je l&rsquo;utiliser pour des s\u00e9ances autres que portrait et mariage ?<\/strong><\/p>\n\n\n\n<p>Absolument. L&rsquo;onglet S\u00e9ance r\u00e9guli\u00e8re s&rsquo;adapte \u00e0 n&rsquo;importe quel type de contrat : \u00e9v\u00e9nementiel, immobilier, produits, sports, scolaire. Ajuste simplement les chiffres selon ta r\u00e9alit\u00e9.<\/p>\n\n\n\n<p><strong>Le calculateur tient-il compte de mes d\u00e9penses d&rsquo;entreprise annuelles ?<\/strong><\/p>\n\n\n\n<p>Pas directement, c&rsquo;est volontaire pour garder l&rsquo;outil simple. Les frais annuels fixes (assurances, logiciels, comptabilit\u00e9, formation) devraient \u00eatre inclus dans ton taux horaire de base. Si tu veux les ventiler par contrat, la section Autres frais te laisse la place pour le faire.<\/p>\n\n\n\n<p><strong>C&rsquo;est quoi un taux horaire raisonnable pour Gatineau pr\u00e9sentement ?<\/strong><\/p>\n\n\n\n<p>Selon le march\u00e9 local, les photographes professionnels se situent g\u00e9n\u00e9ralement entre 75 et 110 $ de l&rsquo;heure pour une s\u00e9ance r\u00e9guli\u00e8re, et entre 110 et 150 $ pour un mariage. Ces fourchettes sont disponibles dans l&rsquo;onglet R\u00e9f\u00e9rence du calculateur. Rappelle-toi que c&rsquo;est un revenu brut une fois les frais, les taxes et les temps non factur\u00e9s soustraits, le revenu net est significativement plus bas.<\/p>\n\n\n\n<p><strong>Est-ce que mes donn\u00e9es sont sauvegard\u00e9es quelque part ?<\/strong><\/p>\n\n\n\n<p>Non. Tout se calcule dans ton navigateur. Rien n&rsquo;est envoy\u00e9 nulle part. Si tu fermes la page, tout s&rsquo;efface. Utilise le bouton Imprimer \/ Sauvegarder PDF pour garder une copie.<\/p>\n\n\n\n<p><strong>L&rsquo;outil fonctionne-t-il sur t\u00e9l\u00e9phone ?<\/strong><\/p>\n\n\n\n<p>Oui, l&rsquo;affichage s&rsquo;adapte automatiquement \u00e0 la taille de ton \u00e9cran. Pour sauvegarder en PDF sur mobile, utilise la fonction de partage de ton navigateur et choisis Imprimer.<\/p>\n\n\n\n<div class=\"article-signature\">\n    \u2014 Sylvain Perrier \u00b7 Photographe &#038; formateur  \n    <a href=\"https:\/\/academiephotographegatineau.com\/\" target=\"_blank\">\n        Acad\u00e9mie Photographe Gatineau\n    <\/a>\n<\/div>","protected":false},"excerpt":{"rendered":"<p>Combien charger pour une s\u00e9ance photo ? C&rsquo;est la question que se posent tous les photographes, d\u00e9butants comme interm\u00e9diaires. La r\u00e9ponse ne se trouve pas en regardant ce que les autres chargent \u2014 elle se trouve dans tes vrais chiffres. Ce calculateur gratuit t&rsquo;aide \u00e0 estimer le prix juste pour chaque s\u00e9ance, mariage inclus.<\/p>","protected":false},"author":1,"featured_media":9296,"comment_status":"closed","ping_status":"closed","sticky":false,"template":"","format":"standard","meta":{"_kad_post_transparent":"","_kad_post_title":"","_kad_post_layout":"","_kad_post_sidebar_id":"","_kad_post_content_style":"","_kad_post_vertical_padding":"","_kad_post_feature":"","_kad_post_feature_position":"","_kad_post_header":false,"_kad_post_footer":false,"_kad_post_classname":"","jetpack_post_was_ever_published":false,"_jetpack_newsletter_access":"","_jetpack_dont_email_post_to_subs":false,"_jetpack_newsletter_tier_id":0,"_jetpack_memberships_contains_paywalled_content":false,"_jetpack_memberships_contains_paid_content":false,"footnotes":""},"categories":[2957,2961],"tags":[3058,3057,3059,2889,3061,3056,3062,1080,2614,3060,3063],"class_list":["post-9285","post","type-post","status-publish","format-standard","has-post-thumbnail","hentry","category-lintention","category-la-signature","tag-acompte-photographie","tag-calculateur-prix-photographie","tag-estimation-photographie","tag-photographe-gatineau","tag-prix-mariage-photographie","tag-prix-seance-photo","tag-retouche-photo-tarif","tag-tarification-photographie","tag-taux-horaire-photographe","tag-taxes-photographe","tag-travail-autonome-photographe"],"yoast_head":"<!-- This site is optimized with the Yoast SEO plugin v27.5 - https:\/\/yoast.com\/product\/yoast-seo-wordpress\/ -->\n<title>Combien charger pour une s\u00e9ance photo ? Utilise ce calculateur gratuit pour le savoir - Blog photographie<\/title>\n<meta name=\"description\" content=\"Utilise ce calculateur gratuit pour estimer le prix d&#039;une s\u00e9ance photo ou d&#039;un mariage. Taux horaire, retouches, frais, taxes tout se calcule automatiquement.\" \/>\n<meta name=\"robots\" content=\"index, follow, max-snippet:-1, max-image-preview:large, max-video-preview:-1\" \/>\n<link rel=\"canonical\" href=\"https:\/\/blogphotographie.com\/fr_fr\/combien-charger-pour-une-seance-photo\/\" \/>\n<meta property=\"og:locale\" content=\"fr_FR\" \/>\n<meta property=\"og:type\" content=\"article\" \/>\n<meta property=\"og:title\" content=\"Combien charger pour une s\u00e9ance photo ? Utilise ce calculateur gratuit pour le savoir - Blog photographie\" \/>\n<meta property=\"og:description\" content=\"Utilise ce calculateur gratuit pour estimer le prix d&#039;une s\u00e9ance photo ou d&#039;un mariage. Taux horaire, retouches, frais, taxes tout se calcule automatiquement.\" \/>\n<meta property=\"og:url\" content=\"https:\/\/blogphotographie.com\/fr_fr\/combien-charger-pour-une-seance-photo\/\" \/>\n<meta property=\"og:site_name\" content=\"Blog photographie\" \/>\n<meta property=\"article:publisher\" content=\"https:\/\/www.facebook.com\/leblogphotographie\" \/>\n<meta property=\"article:author\" content=\"https:\/\/www.facebook.com\/leblogphotographie\" \/>\n<meta property=\"article:published_time\" content=\"2026-03-12T18:34:23+00:00\" \/>\n<meta property=\"article:modified_time\" content=\"2026-03-31T21:44:03+00:00\" \/>\n<meta property=\"og:image\" content=\"https:\/\/blogphotographie.com\/wp-content\/uploads\/Combien-charger-pour-une-seance-photo.jpg\" \/>\n\t<meta property=\"og:image:width\" content=\"1853\" \/>\n\t<meta property=\"og:image:height\" content=\"926\" \/>\n\t<meta property=\"og:image:type\" content=\"image\/jpeg\" \/>\n<meta name=\"author\" content=\"Blog Photographie\" \/>\n<meta name=\"twitter:card\" content=\"summary_large_image\" \/>\n<meta name=\"twitter:creator\" content=\"@sylvainxperrier\" \/>\n<meta name=\"twitter:site\" content=\"@sylvainxperrier\" \/>\n<meta name=\"twitter:label1\" content=\"\u00c9crit par\" \/>\n\t<meta name=\"twitter:data1\" content=\"Blog Photographie\" \/>\n\t<meta name=\"twitter:label2\" content=\"Dur\u00e9e de lecture estim\u00e9e\" \/>\n\t<meta name=\"twitter:data2\" content=\"10 minutes\" \/>\n<script type=\"application\/ld+json\" class=\"yoast-schema-graph\">{\"@context\":\"https:\\\/\\\/schema.org\",\"@graph\":[{\"@type\":\"Article\",\"@id\":\"https:\\\/\\\/blogphotographie.com\\\/combien-charger-pour-une-seance-photo\\\/#article\",\"isPartOf\":{\"@id\":\"https:\\\/\\\/blogphotographie.com\\\/combien-charger-pour-une-seance-photo\\\/\"},\"author\":{\"name\":\"Blog Photographie\",\"@id\":\"https:\\\/\\\/blogphotographie.com\\\/#\\\/schema\\\/person\\\/5059e59b1012006c7ca43b6330053a01\"},\"headline\":\"Combien charger pour une s\u00e9ance photo ? Utilise ce calculateur gratuit pour le savoir\",\"datePublished\":\"2026-03-12T18:34:23+00:00\",\"dateModified\":\"2026-03-31T21:44:03+00:00\",\"mainEntityOfPage\":{\"@id\":\"https:\\\/\\\/blogphotographie.com\\\/combien-charger-pour-une-seance-photo\\\/\"},\"wordCount\":1892,\"publisher\":{\"@id\":\"https:\\\/\\\/blogphotographie.com\\\/#\\\/schema\\\/person\\\/5059e59b1012006c7ca43b6330053a01\"},\"image\":{\"@id\":\"https:\\\/\\\/blogphotographie.com\\\/combien-charger-pour-une-seance-photo\\\/#primaryimage\"},\"thumbnailUrl\":\"https:\\\/\\\/blogphotographie.com\\\/wp-content\\\/uploads\\\/Combien-charger-pour-une-seance-photo.jpg\",\"keywords\":[\"acompte photographie\",\"calculateur prix photographie\",\"estimation photographie\",\"photographe Gatineau\",\"prix mariage photographie\",\"prix s\u00e9ance photo\",\"retouche photo tarif\",\"tarification photographie\",\"taux horaire photographe\",\"taxes photographe\",\"travail autonome photographe\"],\"articleSection\":[\"L\u2019Intention\",\"La Signature\"],\"inLanguage\":\"fr-FR\"},{\"@type\":\"WebPage\",\"@id\":\"https:\\\/\\\/blogphotographie.com\\\/combien-charger-pour-une-seance-photo\\\/\",\"url\":\"https:\\\/\\\/blogphotographie.com\\\/combien-charger-pour-une-seance-photo\\\/\",\"name\":\"Combien charger pour une s\u00e9ance photo ? Utilise ce calculateur gratuit pour le savoir - Blog photographie\",\"isPartOf\":{\"@id\":\"https:\\\/\\\/blogphotographie.com\\\/#website\"},\"primaryImageOfPage\":{\"@id\":\"https:\\\/\\\/blogphotographie.com\\\/combien-charger-pour-une-seance-photo\\\/#primaryimage\"},\"image\":{\"@id\":\"https:\\\/\\\/blogphotographie.com\\\/combien-charger-pour-une-seance-photo\\\/#primaryimage\"},\"thumbnailUrl\":\"https:\\\/\\\/blogphotographie.com\\\/wp-content\\\/uploads\\\/Combien-charger-pour-une-seance-photo.jpg\",\"datePublished\":\"2026-03-12T18:34:23+00:00\",\"dateModified\":\"2026-03-31T21:44:03+00:00\",\"description\":\"Utilise ce calculateur gratuit pour estimer le prix d'une s\u00e9ance photo ou d'un mariage. Taux horaire, retouches, frais, taxes tout se calcule automatiquement.\",\"breadcrumb\":{\"@id\":\"https:\\\/\\\/blogphotographie.com\\\/combien-charger-pour-une-seance-photo\\\/#breadcrumb\"},\"inLanguage\":\"fr-FR\",\"potentialAction\":[{\"@type\":\"ReadAction\",\"target\":[\"https:\\\/\\\/blogphotographie.com\\\/combien-charger-pour-une-seance-photo\\\/\"]}]},{\"@type\":\"ImageObject\",\"inLanguage\":\"fr-FR\",\"@id\":\"https:\\\/\\\/blogphotographie.com\\\/combien-charger-pour-une-seance-photo\\\/#primaryimage\",\"url\":\"https:\\\/\\\/blogphotographie.com\\\/wp-content\\\/uploads\\\/Combien-charger-pour-une-seance-photo.jpg\",\"contentUrl\":\"https:\\\/\\\/blogphotographie.com\\\/wp-content\\\/uploads\\\/Combien-charger-pour-une-seance-photo.jpg\",\"width\":1853,\"height\":926,\"caption\":\"Combien-charger-pour-une s\u00e9ance-photo\"},{\"@type\":\"BreadcrumbList\",\"@id\":\"https:\\\/\\\/blogphotographie.com\\\/combien-charger-pour-une-seance-photo\\\/#breadcrumb\",\"itemListElement\":[{\"@type\":\"ListItem\",\"position\":1,\"name\":\"Accueil\",\"item\":\"https:\\\/\\\/blogphotographie.com\\\/\"},{\"@type\":\"ListItem\",\"position\":2,\"name\":\"Combien charger pour une s\u00e9ance photo ? Utilise ce calculateur gratuit pour le savoir\"}]},{\"@type\":\"WebSite\",\"@id\":\"https:\\\/\\\/blogphotographie.com\\\/#website\",\"url\":\"https:\\\/\\\/blogphotographie.com\\\/\",\"name\":\"Blog photographie\",\"description\":\"Le Chemin Photographique \u2014 De l\u2019\u0152il \u00e0 l\u2019Image\",\"publisher\":{\"@id\":\"https:\\\/\\\/blogphotographie.com\\\/#\\\/schema\\\/person\\\/5059e59b1012006c7ca43b6330053a01\"},\"potentialAction\":[{\"@type\":\"SearchAction\",\"target\":{\"@type\":\"EntryPoint\",\"urlTemplate\":\"https:\\\/\\\/blogphotographie.com\\\/?s={search_term_string}\"},\"query-input\":{\"@type\":\"PropertyValueSpecification\",\"valueRequired\":true,\"valueName\":\"search_term_string\"}}],\"inLanguage\":\"fr-FR\"},{\"@type\":[\"Person\",\"Organization\"],\"@id\":\"https:\\\/\\\/blogphotographie.com\\\/#\\\/schema\\\/person\\\/5059e59b1012006c7ca43b6330053a01\",\"name\":\"Blog Photographie\",\"image\":{\"@type\":\"ImageObject\",\"inLanguage\":\"fr-FR\",\"@id\":\"https:\\\/\\\/blogphotographie.com\\\/wp-content\\\/uploads\\\/logo.png\",\"url\":\"https:\\\/\\\/blogphotographie.com\\\/wp-content\\\/uploads\\\/logo.png\",\"contentUrl\":\"https:\\\/\\\/blogphotographie.com\\\/wp-content\\\/uploads\\\/logo.png\",\"width\":800,\"height\":800,\"caption\":\"Blog Photographie\"},\"logo\":{\"@id\":\"https:\\\/\\\/blogphotographie.com\\\/wp-content\\\/uploads\\\/logo.png\"},\"sameAs\":[\"https:\\\/\\\/blogphotographie.com\",\"https:\\\/\\\/www.facebook.com\\\/leblogphotographie\",\"https:\\\/\\\/www.instagram.com\\\/leblogphotographie\",\"https:\\\/\\\/www.pinterest.ca\\\/sylvain_perrier\",\"https:\\\/\\\/x.com\\\/sylvainxperrier\",\"https:\\\/\\\/www.youtube.com\\\/user\\\/lencadreursylvain\",\"https:\\\/\\\/www.tumblr.com\\\/blog\\\/sylvainperrierfotografi\"]}]}<\/script>\n<!-- \/ Yoast SEO plugin. -->","yoast_head_json":{"title":"Combien charger pour une s\u00e9ance photo ? Utilise ce calculateur gratuit pour le savoir - Blog photographie","description":"Utilise ce calculateur gratuit pour estimer le prix d'une s\u00e9ance photo ou d'un mariage. Taux horaire, retouches, frais, taxes tout se calcule automatiquement.","robots":{"index":"index","follow":"follow","max-snippet":"max-snippet:-1","max-image-preview":"max-image-preview:large","max-video-preview":"max-video-preview:-1"},"canonical":"https:\/\/blogphotographie.com\/fr_fr\/combien-charger-pour-une-seance-photo\/","og_locale":"fr_FR","og_type":"article","og_title":"Combien charger pour une s\u00e9ance photo ? Utilise ce calculateur gratuit pour le savoir - Blog photographie","og_description":"Utilise ce calculateur gratuit pour estimer le prix d'une s\u00e9ance photo ou d'un mariage. Taux horaire, retouches, frais, taxes tout se calcule automatiquement.","og_url":"https:\/\/blogphotographie.com\/fr_fr\/combien-charger-pour-une-seance-photo\/","og_site_name":"Blog photographie","article_publisher":"https:\/\/www.facebook.com\/leblogphotographie","article_author":"https:\/\/www.facebook.com\/leblogphotographie","article_published_time":"2026-03-12T18:34:23+00:00","article_modified_time":"2026-03-31T21:44:03+00:00","og_image":[{"width":1853,"height":926,"url":"https:\/\/blogphotographie.com\/wp-content\/uploads\/Combien-charger-pour-une-seance-photo.jpg","type":"image\/jpeg"}],"author":"Blog Photographie","twitter_card":"summary_large_image","twitter_creator":"@sylvainxperrier","twitter_site":"@sylvainxperrier","twitter_misc":{"\u00c9crit par":"Blog Photographie","Dur\u00e9e de lecture estim\u00e9e":"10 minutes"},"schema":{"@context":"https:\/\/schema.org","@graph":[{"@type":"Article","@id":"https:\/\/blogphotographie.com\/combien-charger-pour-une-seance-photo\/#article","isPartOf":{"@id":"https:\/\/blogphotographie.com\/combien-charger-pour-une-seance-photo\/"},"author":{"name":"Blog Photographie","@id":"https:\/\/blogphotographie.com\/#\/schema\/person\/5059e59b1012006c7ca43b6330053a01"},"headline":"Combien charger pour une s\u00e9ance photo ? Utilise ce calculateur gratuit pour le savoir","datePublished":"2026-03-12T18:34:23+00:00","dateModified":"2026-03-31T21:44:03+00:00","mainEntityOfPage":{"@id":"https:\/\/blogphotographie.com\/combien-charger-pour-une-seance-photo\/"},"wordCount":1892,"publisher":{"@id":"https:\/\/blogphotographie.com\/#\/schema\/person\/5059e59b1012006c7ca43b6330053a01"},"image":{"@id":"https:\/\/blogphotographie.com\/combien-charger-pour-une-seance-photo\/#primaryimage"},"thumbnailUrl":"https:\/\/blogphotographie.com\/wp-content\/uploads\/Combien-charger-pour-une-seance-photo.jpg","keywords":["acompte photographie","calculateur prix photographie","estimation photographie","photographe Gatineau","prix mariage photographie","prix s\u00e9ance photo","retouche photo tarif","tarification photographie","taux horaire photographe","taxes photographe","travail autonome photographe"],"articleSection":["L\u2019Intention","La Signature"],"inLanguage":"fr-FR"},{"@type":"WebPage","@id":"https:\/\/blogphotographie.com\/combien-charger-pour-une-seance-photo\/","url":"https:\/\/blogphotographie.com\/combien-charger-pour-une-seance-photo\/","name":"Combien charger pour une s\u00e9ance photo ? Utilise ce calculateur gratuit pour le savoir - Blog photographie","isPartOf":{"@id":"https:\/\/blogphotographie.com\/#website"},"primaryImageOfPage":{"@id":"https:\/\/blogphotographie.com\/combien-charger-pour-une-seance-photo\/#primaryimage"},"image":{"@id":"https:\/\/blogphotographie.com\/combien-charger-pour-une-seance-photo\/#primaryimage"},"thumbnailUrl":"https:\/\/blogphotographie.com\/wp-content\/uploads\/Combien-charger-pour-une-seance-photo.jpg","datePublished":"2026-03-12T18:34:23+00:00","dateModified":"2026-03-31T21:44:03+00:00","description":"Utilise ce calculateur gratuit pour estimer le prix d'une s\u00e9ance photo ou d'un mariage. Taux horaire, retouches, frais, taxes tout se calcule automatiquement.","breadcrumb":{"@id":"https:\/\/blogphotographie.com\/combien-charger-pour-une-seance-photo\/#breadcrumb"},"inLanguage":"fr-FR","potentialAction":[{"@type":"ReadAction","target":["https:\/\/blogphotographie.com\/combien-charger-pour-une-seance-photo\/"]}]},{"@type":"ImageObject","inLanguage":"fr-FR","@id":"https:\/\/blogphotographie.com\/combien-charger-pour-une-seance-photo\/#primaryimage","url":"https:\/\/blogphotographie.com\/wp-content\/uploads\/Combien-charger-pour-une-seance-photo.jpg","contentUrl":"https:\/\/blogphotographie.com\/wp-content\/uploads\/Combien-charger-pour-une-seance-photo.jpg","width":1853,"height":926,"caption":"Combien-charger-pour-une s\u00e9ance-photo"},{"@type":"BreadcrumbList","@id":"https:\/\/blogphotographie.com\/combien-charger-pour-une-seance-photo\/#breadcrumb","itemListElement":[{"@type":"ListItem","position":1,"name":"Accueil","item":"https:\/\/blogphotographie.com\/"},{"@type":"ListItem","position":2,"name":"Combien charger pour une s\u00e9ance photo ? Utilise ce calculateur gratuit pour le savoir"}]},{"@type":"WebSite","@id":"https:\/\/blogphotographie.com\/#website","url":"https:\/\/blogphotographie.com\/","name":"Blog photographie","description":"Le Chemin Photographique \u2014 De l\u2019\u0152il \u00e0 l\u2019Image","publisher":{"@id":"https:\/\/blogphotographie.com\/#\/schema\/person\/5059e59b1012006c7ca43b6330053a01"},"potentialAction":[{"@type":"SearchAction","target":{"@type":"EntryPoint","urlTemplate":"https:\/\/blogphotographie.com\/?s={search_term_string}"},"query-input":{"@type":"PropertyValueSpecification","valueRequired":true,"valueName":"search_term_string"}}],"inLanguage":"fr-FR"},{"@type":["Person","Organization"],"@id":"https:\/\/blogphotographie.com\/#\/schema\/person\/5059e59b1012006c7ca43b6330053a01","name":"Blog Photographie","image":{"@type":"ImageObject","inLanguage":"fr-FR","@id":"https:\/\/blogphotographie.com\/wp-content\/uploads\/logo.png","url":"https:\/\/blogphotographie.com\/wp-content\/uploads\/logo.png","contentUrl":"https:\/\/blogphotographie.com\/wp-content\/uploads\/logo.png","width":800,"height":800,"caption":"Blog Photographie"},"logo":{"@id":"https:\/\/blogphotographie.com\/wp-content\/uploads\/logo.png"},"sameAs":["https:\/\/blogphotographie.com","https:\/\/www.facebook.com\/leblogphotographie","https:\/\/www.instagram.com\/leblogphotographie","https:\/\/www.pinterest.ca\/sylvain_perrier","https:\/\/x.com\/sylvainxperrier","https:\/\/www.youtube.com\/user\/lencadreursylvain","https:\/\/www.tumblr.com\/blog\/sylvainperrierfotografi"]}]}},"jetpack_featured_media_url":"https:\/\/blogphotographie.com\/wp-content\/uploads\/Combien-charger-pour-une-seance-photo.jpg","jetpack_sharing_enabled":true,"jetpack_likes_enabled":true,"_links":{"self":[{"href":"https:\/\/blogphotographie.com\/fr_fr\/wp-json\/wp\/v2\/posts\/9285","targetHints":{"allow":["GET"]}}],"collection":[{"href":"https:\/\/blogphotographie.com\/fr_fr\/wp-json\/wp\/v2\/posts"}],"about":[{"href":"https:\/\/blogphotographie.com\/fr_fr\/wp-json\/wp\/v2\/types\/post"}],"author":[{"embeddable":true,"href":"https:\/\/blogphotographie.com\/fr_fr\/wp-json\/wp\/v2\/users\/1"}],"replies":[{"embeddable":true,"href":"https:\/\/blogphotographie.com\/fr_fr\/wp-json\/wp\/v2\/comments?post=9285"}],"version-history":[{"count":6,"href":"https:\/\/blogphotographie.com\/fr_fr\/wp-json\/wp\/v2\/posts\/9285\/revisions"}],"predecessor-version":[{"id":9294,"href":"https:\/\/blogphotographie.com\/fr_fr\/wp-json\/wp\/v2\/posts\/9285\/revisions\/9294"}],"wp:featuredmedia":[{"embeddable":true,"href":"https:\/\/blogphotographie.com\/fr_fr\/wp-json\/wp\/v2\/media\/9296"}],"wp:attachment":[{"href":"https:\/\/blogphotographie.com\/fr_fr\/wp-json\/wp\/v2\/media?parent=9285"}],"wp:term":[{"taxonomy":"category","embeddable":true,"href":"https:\/\/blogphotographie.com\/fr_fr\/wp-json\/wp\/v2\/categories?post=9285"},{"taxonomy":"post_tag","embeddable":true,"href":"https:\/\/blogphotographie.com\/fr_fr\/wp-json\/wp\/v2\/tags?post=9285"}],"curies":[{"name":"wp","href":"https:\/\/api.w.org\/{rel}","templated":true}]}}