{"id":9212,"date":"2026-03-11T08:47:04","date_gmt":"2026-03-11T12:47:04","guid":{"rendered":"https:\/\/blogphotographie.com\/?p=9212"},"modified":"2026-03-31T17:44:11","modified_gmt":"2026-03-31T21:44:11","slug":"photo-de-nuit","status":"publish","type":"post","link":"https:\/\/blogphotographie.com\/fr_fr\/photo-de-nuit\/","title":{"rendered":"Photo de nuit : lire la lumi\u00e8re pour r\u00e9ussir ses images quand le soleil a disparu"},"content":{"rendered":"<p>Beaucoup de photographes abordent la nuit comme un probl\u00e8me \u00e0 r\u00e9soudre. On monte les ISO, on sort le tr\u00e9pied, on croise les doigts pour que \u00e7a soit net. Et trop souvent, le r\u00e9sultat est techniquement acceptable mais sans vie, trop clair, trop bruit\u00e9 ou compl\u00e8tement vid\u00e9 de son ambiance.<\/p>\n\n\n\n<p>Ce que la plupart des gens oublient, c&rsquo;est que la nuit n&rsquo;est pas simplement un manque de lumi\u00e8re. C&rsquo;est une coexistence de plusieurs types de lumi\u00e8res, chacune avec sa couleur, sa direction, son intensit\u00e9 et son caract\u00e8re propre. Avant de choisir tes r\u00e9glages, tu dois d&rsquo;abord apprendre \u00e0 lire ce que tu as devant toi. Parce que l&rsquo;image commence l\u00e0, dans l&rsquo;observation, pas dans les menus de l&rsquo;appareil.<\/p>\n\n\n<div class=\"wp-block-image\">\n<figure class=\"aligncenter size-full\"><img loading=\"lazy\" decoding=\"async\" width=\"2560\" height=\"1440\" data-attachment-id=\"9214\" data-permalink=\"https:\/\/blogphotographie.com\/fr_fr\/photo-de-nuit\/photo-nuit-tour-eiffel-files-lumiere\/\" data-orig-file=\"https:\/\/blogphotographie.com\/wp-content\/uploads\/photo-nuit-tour-eiffel-files-lumiere-scaled.jpg\" data-orig-size=\"2560,1440\" data-comments-opened=\"0\" data-image-meta=\"{&quot;aperture&quot;:&quot;22&quot;,&quot;credit&quot;:&quot;Sylvain Perrier&quot;,&quot;camera&quot;:&quot;Canon EOS 6D&quot;,&quot;caption&quot;:&quot;&quot;,&quot;created_timestamp&quot;:&quot;1540473354&quot;,&quot;copyright&quot;:&quot;&quot;,&quot;focal_length&quot;:&quot;28&quot;,&quot;iso&quot;:&quot;320&quot;,&quot;shutter_speed&quot;:&quot;10&quot;,&quot;title&quot;:&quot;&quot;,&quot;orientation&quot;:&quot;0&quot;}\" data-image-title=\"photo-nuit-tour-eiffel-files-lumiere\" data-image-description=\"&lt;p&gt;Tour Eiffel de nuit avec fil\u00e9s de lumi\u00e8re rouges et blancs en pose longue&lt;\/p&gt;\" data-image-caption=\"\" data-large-file=\"https:\/\/blogphotographie.com\/wp-content\/uploads\/photo-nuit-tour-eiffel-files-lumiere-1024x576.jpg\" src=\"https:\/\/blogphotographie.com\/wp-content\/uploads\/photo-nuit-tour-eiffel-files-lumiere-scaled.jpg\" alt=\"Tour Eiffel de nuit avec fil\u00e9s de lumi\u00e8re rouges et blancs en pose longue\" class=\"wp-image-9214\" srcset=\"https:\/\/blogphotographie.com\/wp-content\/uploads\/photo-nuit-tour-eiffel-files-lumiere-scaled.jpg 2560w, https:\/\/blogphotographie.com\/wp-content\/uploads\/photo-nuit-tour-eiffel-files-lumiere-300x169.jpg 300w, https:\/\/blogphotographie.com\/wp-content\/uploads\/photo-nuit-tour-eiffel-files-lumiere-1024x576.jpg 1024w, https:\/\/blogphotographie.com\/wp-content\/uploads\/photo-nuit-tour-eiffel-files-lumiere-768x432.jpg 768w, https:\/\/blogphotographie.com\/wp-content\/uploads\/photo-nuit-tour-eiffel-files-lumiere-1536x864.jpg 1536w, https:\/\/blogphotographie.com\/wp-content\/uploads\/photo-nuit-tour-eiffel-files-lumiere-2048x1152.jpg 2048w, https:\/\/blogphotographie.com\/wp-content\/uploads\/photo-nuit-tour-eiffel-files-lumiere-18x10.jpg 18w\" sizes=\"auto, (max-width: 2560px) 100vw, 2560px\" \/><figcaption class=\"wp-element-caption\"><em>La nuit devient lisible quand les sources lumineuses structurent l\u2019image au lieu d\u2019\u00eatre seulement d\u00e9coratives.<\/em><\/figcaption><\/figure>\n<\/div>\n\n\n<h2 class=\"wp-block-heading\">Pourquoi la photo de nuit se joue d&rsquo;abord dans la lumi\u00e8re, pas dans les r\u00e9glages<\/h2>\n\n\n\n<h3 class=\"wp-block-heading\">La nuit n&rsquo;est pas noire, elle est faite de lumi\u00e8res diff\u00e9rentes<\/h3>\n\n\n\n<p>Pense \u00e0 la derni\u00e8re fois que tu as photographi\u00e9 de nuit. Il y avait probablement des lampadaires, des vitrines, des reflets sur la chauss\u00e9e, peut-\u00eatre un ciel encore l\u00e9g\u00e8rement color\u00e9 \u00e0 l&rsquo;horizon. C&rsquo;est \u00e7a, la nuit en photographie : une accumulation de sources lumineuses distinctes qui coexistent dans le m\u00eame cadre, chacune avec sa propre temp\u00e9rature de couleur, sa propre intensit\u00e9 et sa propre direction.<\/p>\n\n\n\n<p>Le d\u00e9fi n&rsquo;est pas de \u00ab\u00a0trouver assez de lumi\u00e8re\u00a0\u00bb. C&rsquo;est de comprendre quelle lumi\u00e8re est devant toi, comment elle se comporte dans le cadre et ce qu&rsquo;elle raconte avant m\u00eame que tu appuies sur le d\u00e9clencheur.<\/p>\n\n\n\n<h3 class=\"wp-block-heading\">Ce que l&rsquo;\u0153il croit voir et ce que le capteur enregistre r\u00e9ellement<\/h3>\n\n\n\n<p>Quand tu regardes une sc\u00e8ne nocturne urbaine, tu per\u00e7ois une ambiance globale. Ton cerveau compense automatiquement, normalise les couleurs, g\u00e8re les \u00e9carts entre les zones claires et les zones sombres. Le capteur, lui, enregistre des valeurs tr\u00e8s pr\u00e9cises : une vitrine \u00e0 cent fois plus lumineuse que le trottoir, un lampadaire qui br\u00fble compl\u00e8tement, des ombres qui plongent dans le noir absolu.<\/p>\n\n\n\n<p>Si tu n&rsquo;as pas lu la sc\u00e8ne avant de d\u00e9clencher, tu vas \u00eatre surpris par le r\u00e9sultat. L&rsquo;article <a href=\"https:\/\/blogphotographie.com\/fr_fr\/comprendre-la-mesure-de-la-lumiere-en-photographie\/\">Comprendre la Mesure de la Lumi\u00e8re en Photographie<\/a> est un point de d\u00e9part solide pour comprendre ce que le capteur enregistre r\u00e9ellement, peu importe ce que ton \u0153il per\u00e7oit.<\/p>\n\n\n\n<h3 class=\"wp-block-heading\">Commencer par l&rsquo;intention : ambiance r\u00e9aliste, dramatique ou graphique<\/h3>\n\n\n\n<p>Avant de d\u00e9cider d&rsquo;un seul r\u00e9glage, pose-toi une question simple : qu&rsquo;est-ce que tu veux que cette image raconte ? Une ambiance r\u00e9aliste qui reproduit ce que tu vois, une atmosph\u00e8re dramatique o\u00f9 le contraste est accentu\u00e9, ou une lecture graphique qui joue sur les formes lumineuses dans le noir ? Ces trois intentions m\u00e8nent \u00e0 trois s\u00e9ries de d\u00e9cisions compl\u00e8tement diff\u00e9rentes, et aucune n&rsquo;est la bonne ou la mauvaise. Ce qui compte, c&rsquo;est de choisir avant de toucher aux r\u00e9glages.<\/p>\n\n\n\n<h2 class=\"wp-block-heading\">Les 4 familles de lumi\u00e8re nocturne \u00e0 reconna\u00eetre avant de photographier<\/h2>\n\n\n\n<h3 class=\"wp-block-heading\">La lumi\u00e8re r\u00e9siduelle de l&rsquo;heure bleue<\/h3>\n\n\n\n<p>L&rsquo;heure bleue, c&rsquo;est cette fen\u00eatre courte apr\u00e8s le coucher du soleil o\u00f9 le ciel conserve une luminosit\u00e9 bleut\u00e9e homog\u00e8ne. C&rsquo;est probablement le moment le plus favorable pour la photo de nuit urbaine, parce que les lumi\u00e8res artificielles sont d\u00e9j\u00e0 allum\u00e9es mais le ciel n&rsquo;est pas encore noir. Le contraste entre les b\u00e2timents \u00e9clair\u00e9s et le fond de ciel est beaucoup plus g\u00e9rable qu&rsquo;en nuit profonde, et la plage dynamique de ta sc\u00e8ne reste dans des limites raisonnables pour le capteur.<\/p>\n\n\n\n<p>Ce qu&rsquo;il faut comprendre, c&rsquo;est que la dur\u00e9e de cette fen\u00eatre est courte. Elle varie selon la saison et la latitude, parfois moins de vingt minutes. Il faut \u00eatre pr\u00eat, install\u00e9 et en train de photographier quand \u00e7a commence, pas encore en train de r\u00e9gler le tr\u00e9pied.<\/p>\n\n\n\n<h3 class=\"wp-block-heading\">La lumi\u00e8re artificielle urbaine : lampadaires, vitrines, phares, enseignes<\/h3>\n\n\n\n<p>La lumi\u00e8re artificielle urbaine est rarement uniforme. Elle m\u00e9lange du sodium orange, du LED blanc froid, du tungst\u00e8ne chaud, des n\u00e9ons color\u00e9s. Chaque source a sa propre temp\u00e9rature de couleur, et elles coexistent dans le m\u00eame cadre. C&rsquo;est pour \u00e7a que la balance des blancs automatique se perd souvent dans ces situations : il n&rsquo;y a pas de \u00ab\u00a0bonne\u00a0\u00bb r\u00e9ponse automatique quand cinq sources diff\u00e9rentes s&rsquo;affrontent dans la m\u00eame image.<\/p>\n\n\n\n<p>Ce qu&rsquo;il faut retenir : cette complexit\u00e9 lumineuse n&rsquo;est pas un d\u00e9faut. Elle est souvent ce qui donne son caract\u00e8re \u00e0 une sc\u00e8ne urbaine nocturne. Bien lue, elle devient le sujet de l&rsquo;image plut\u00f4t qu&rsquo;un probl\u00e8me \u00e0 corriger.<\/p>\n\n\n\n<h3 class=\"wp-block-heading\">La lumi\u00e8re ponctuelle tr\u00e8s contrast\u00e9e : lune, lampes isol\u00e9es, feux d&rsquo;artifice<\/h3>\n\n\n\n<p>Il y a des situations o\u00f9 une source unique domine la sc\u00e8ne avec une intensit\u00e9 tr\u00e8s sup\u00e9rieure \u00e0 tout le reste. La lune dans un ciel \u00e9toil\u00e9, un feu d&rsquo;artifice sur fond de nuit noire, une lampe isol\u00e9e au bout d&rsquo;une ruelle sombre. Ces lumi\u00e8res ponctuelles demandent une logique d&rsquo;exposition diff\u00e9rente : tu exposes pour la source, pas pour le fond. Si tu exposes pour le noir qui l&rsquo;entoure, tu vas saturer compl\u00e8tement cette source lumineuse sans rien gagner de l&rsquo;autre c\u00f4t\u00e9.<\/p>\n\n\n<div class=\"wp-block-image\">\n<figure class=\"aligncenter size-full\"><img loading=\"lazy\" decoding=\"async\" width=\"1580\" height=\"889\" data-attachment-id=\"9215\" data-permalink=\"https:\/\/blogphotographie.com\/fr_fr\/photo-de-nuit\/photo-nuit-feux-artifice\/\" data-orig-file=\"https:\/\/blogphotographie.com\/wp-content\/uploads\/photo-nuit-feux-artifice.jpg\" data-orig-size=\"1580,889\" data-comments-opened=\"0\" data-image-meta=\"{&quot;aperture&quot;:&quot;10&quot;,&quot;credit&quot;:&quot;Sylvain Perrier&quot;,&quot;camera&quot;:&quot;NIKON D300&quot;,&quot;caption&quot;:&quot;&quot;,&quot;created_timestamp&quot;:&quot;1317379699&quot;,&quot;copyright&quot;:&quot;Sylvain Perrier&quot;,&quot;focal_length&quot;:&quot;18&quot;,&quot;iso&quot;:&quot;200&quot;,&quot;shutter_speed&quot;:&quot;0.0025&quot;,&quot;title&quot;:&quot;&quot;,&quot;orientation&quot;:&quot;0&quot;}\" data-image-title=\"photo-nuit-feux-artifice\" data-image-description=\"&lt;p&gt;Feux d\u2019artifice photographi\u00e9s de nuit avec longues tra\u00een\u00e9es lumineuses color\u00e9es&lt;\/p&gt;\" data-image-caption=\"\" data-large-file=\"https:\/\/blogphotographie.com\/wp-content\/uploads\/photo-nuit-feux-artifice-1024x576.jpg\" src=\"https:\/\/blogphotographie.com\/wp-content\/uploads\/photo-nuit-feux-artifice.jpg\" alt=\"Feux d\u2019artifice photographi\u00e9s de nuit avec longues tra\u00een\u00e9es lumineuses color\u00e9es\" class=\"wp-image-9215\" srcset=\"https:\/\/blogphotographie.com\/wp-content\/uploads\/photo-nuit-feux-artifice.jpg 1580w, https:\/\/blogphotographie.com\/wp-content\/uploads\/photo-nuit-feux-artifice-300x169.jpg 300w, https:\/\/blogphotographie.com\/wp-content\/uploads\/photo-nuit-feux-artifice-1024x576.jpg 1024w, https:\/\/blogphotographie.com\/wp-content\/uploads\/photo-nuit-feux-artifice-768x432.jpg 768w, https:\/\/blogphotographie.com\/wp-content\/uploads\/photo-nuit-feux-artifice-1536x864.jpg 1536w, https:\/\/blogphotographie.com\/wp-content\/uploads\/photo-nuit-feux-artifice-18x10.jpg 18w\" sizes=\"auto, (max-width: 1580px) 100vw, 1580px\" \/><figcaption class=\"wp-element-caption\"><em>Les feux d\u2019artifice exigent une exposition pens\u00e9e pour les hautes lumi\u00e8res, pas pour le ciel noir.<\/em><\/figcaption><\/figure>\n<\/div>\n\n\n<h3 class=\"wp-block-heading\">La lumi\u00e8re diffuse et contamin\u00e9e : brume, nuages, halo urbain, pollution lumineuse<\/h3>\n\n\n\n<p>M\u00eame \u00e0 la campagne, loin de toute ville, le ciel nocturne porte souvent la trace de la lumi\u00e8re urbaine \u00e0 l&rsquo;horizon. Cette lumi\u00e8re diffuse change la texture du ciel, colore les nuages, adoucit les ombres port\u00e9es au sol. Ce n&rsquo;est pas forc\u00e9ment un d\u00e9faut. C&rsquo;est une caract\u00e9ristique lumineuse qui peut \u00eatre int\u00e9gr\u00e9e dans ta composition ou \u00e9vit\u00e9e en orientant ton cadre diff\u00e9remment. Quand tu le reconnais pour ce qu&rsquo;il est, le halo urbain devient un outil narratif plut\u00f4t qu&rsquo;une nuisance.<\/p>\n\n\n<div class=\"wp-block-image\">\n<figure class=\"aligncenter size-full\"><img loading=\"lazy\" decoding=\"async\" width=\"1920\" height=\"1080\" data-attachment-id=\"9220\" data-permalink=\"https:\/\/blogphotographie.com\/fr_fr\/photo-de-nuit\/photographe-309\/\" data-orig-file=\"https:\/\/blogphotographie.com\/wp-content\/uploads\/campagne-nuit-halo-urbain.jpg\" data-orig-size=\"1920,1080\" data-comments-opened=\"0\" data-image-meta=\"{&quot;aperture&quot;:&quot;7.1&quot;,&quot;credit&quot;:&quot;sylvain perrier&quot;,&quot;camera&quot;:&quot;Canon EOS R6&quot;,&quot;caption&quot;:&quot;&quot;,&quot;created_timestamp&quot;:&quot;1715476988&quot;,&quot;copyright&quot;:&quot;sylvain perrier&quot;,&quot;focal_length&quot;:&quot;41&quot;,&quot;iso&quot;:&quot;500&quot;,&quot;shutter_speed&quot;:&quot;30&quot;,&quot;title&quot;:&quot;Photographe&quot;,&quot;orientation&quot;:&quot;0&quot;}\" data-image-title=\"campagne-nuit-halo-urbain\" data-image-description=\"&lt;p&gt;Route de campagne de nuit avec halo lumineux urbain visible au loin&lt;\/p&gt;\" data-image-caption=\"\" data-large-file=\"https:\/\/blogphotographie.com\/wp-content\/uploads\/campagne-nuit-halo-urbain-1024x576.jpg\" src=\"https:\/\/blogphotographie.com\/wp-content\/uploads\/campagne-nuit-halo-urbain.jpg\" alt=\"Route de campagne de nuit avec halo lumineux urbain visible au loin\" class=\"wp-image-9220\" srcset=\"https:\/\/blogphotographie.com\/wp-content\/uploads\/campagne-nuit-halo-urbain.jpg 1920w, https:\/\/blogphotographie.com\/wp-content\/uploads\/campagne-nuit-halo-urbain-300x169.jpg 300w, https:\/\/blogphotographie.com\/wp-content\/uploads\/campagne-nuit-halo-urbain-1024x576.jpg 1024w, https:\/\/blogphotographie.com\/wp-content\/uploads\/campagne-nuit-halo-urbain-768x432.jpg 768w, https:\/\/blogphotographie.com\/wp-content\/uploads\/campagne-nuit-halo-urbain-1536x864.jpg 1536w, https:\/\/blogphotographie.com\/wp-content\/uploads\/campagne-nuit-halo-urbain-18x10.jpg 18w\" sizes=\"auto, (max-width: 1920px) 100vw, 1920px\" \/><figcaption class=\"wp-element-caption\"><em>M\u00eame loin de la ville, la qualit\u00e9 du ciel nocturne est transform\u00e9e par la lumi\u00e8re diffuse \u00e0 l\u2019horizon.<\/em><\/figcaption><\/figure>\n<\/div>\n\n\n<h2 class=\"wp-block-heading\">Comment exposer une sc\u00e8ne de nuit sans perdre l&rsquo;ambiance<\/h2>\n\n\n\n<h3 class=\"wp-block-heading\">Prot\u00e9ger les hautes lumi\u00e8res avant de vouloir ouvrir les ombres<\/h3>\n\n\n\n<p>La nuit, la tentation est de surexposer pour d\u00e9boucher les ombres, pour \u00ab\u00a0voir\u00a0\u00bb ce qu&rsquo;il y a dans le noir. C&rsquo;est g\u00e9n\u00e9ralement une erreur. Les zones tr\u00e8s claires, une vitrine, un lampadaire, la lune, br\u00fblent tr\u00e8s vite et ne se r\u00e9cup\u00e8rent pas en post-traitement. L&rsquo;ombre, elle, peut \u00eatre remont\u00e9e avec nettement plus de latitude, surtout si tu travailles en RAW.<\/p>\n\n\n\n<p>La logique est donc invers\u00e9e par rapport \u00e0 ce qu&rsquo;on fait de jour : commence par prot\u00e9ger ce qui est clair. L&rsquo;article <a href=\"https:\/\/blogphotographie.com\/fr_fr\/la-plage-dynamique-en-photographie\/\">La Plage Dynamique en Photographie<\/a> t&rsquo;explique pr\u00e9cis\u00e9ment cette m\u00e9canique : travailler avec les limites du capteur plut\u00f4t que contre elles.<\/p>\n\n\n\n<h3 class=\"wp-block-heading\">Lire l&rsquo;histogramme dans une sc\u00e8ne majoritairement sombre<\/h3>\n\n\n\n<p>Un histogramme de nuit bien expos\u00e9 n&rsquo;est pas centr\u00e9. Il est tr\u00e8s largement d\u00e9cal\u00e9 vers la gauche, avec un pic dans les tons sombres et quelques valeurs \u00e0 droite pour les hautes lumi\u00e8res. Si ton histogramme ressemble \u00e0 celui d&rsquo;une sc\u00e8ne de jour normale, tu as probablement trop \u00e9clairci ta nuit. Ce n&rsquo;est pas une erreur de lecture d&rsquo;histogramme, c&rsquo;est une erreur d&rsquo;intention.<\/p>\n\n\n\n<p>L&rsquo;article <a href=\"https:\/\/blogphotographie.com\/fr_fr\/comprendre-et-utiliser-lhistogramme\/\">Comprendre et Utiliser l&rsquo;Histogramme<\/a> t&rsquo;aide \u00e0 d\u00e9coder ce que tu vois sur ton \u00e9cran arri\u00e8re et \u00e0 l&rsquo;interpr\u00e9ter correctement selon le type de sc\u00e8ne que tu photographies.<\/p>\n\n\n\n<h3 class=\"wp-block-heading\">Quand sous-exposer l\u00e9g\u00e8rement sert mieux la nuit<\/h3>\n\n\n\n<p>En nuit profonde, une l\u00e9g\u00e8re sous-exposition pr\u00e9serve l&rsquo;ambiance et \u00e9vite de faire appara\u00eetre un bruit visuel dans les zones sombres qui auraient \u00e9t\u00e9 trop remont\u00e9es num\u00e9riquement. Si tu travailles en RAW avec une exposition raisonnablement serr\u00e9e, tu auras la marge n\u00e9cessaire pour retrouver les d\u00e9tails importants sans sacrifier l&rsquo;atmosph\u00e8re g\u00e9n\u00e9rale de la sc\u00e8ne.<\/p>\n\n\n\n<h3 class=\"wp-block-heading\">Pourquoi le mode manuel reste souvent le plus coh\u00e9rent en lumi\u00e8re stable<\/h3>\n\n\n\n<p>La nuit, les modes semi-automatiques peuvent donner des r\u00e9sultats impr\u00e9visibles, surtout face \u00e0 une sc\u00e8ne tr\u00e8s contrast\u00e9e avec des sources lumineuses ponctuelles. Le mode manuel te permet de fixer exactement ce que tu veux : une vitesse pour un effet particulier, une ouverture pour une profondeur de champ choisie, un ISO ajust\u00e9 selon la situation r\u00e9elle. L&rsquo;article <a href=\"https:\/\/blogphotographie.com\/fr_fr\/manuel-ou-pas\/\">Manuel ou pas<\/a> t&rsquo;aide \u00e0 d\u00e9cider dans quels contextes cette approche t&rsquo;apporte le plus de contr\u00f4le.<\/p>\n\n\n\n<h2 class=\"wp-block-heading\">Balance des blancs de nuit : retrouver la couleur juste ou assumer une couleur expressive<\/h2>\n\n\n\n<h3 class=\"wp-block-heading\">Pourquoi la balance des blancs automatique se trompe souvent la nuit<\/h3>\n\n\n\n<p>La balance des blancs automatique fonctionne bien dans de nombreuses situations g\u00e9n\u00e9rales, mais la nuit elle se retrouve devant des m\u00e9langes de sources qu&rsquo;elle ne sait pas comment r\u00e9concilier. Elle va tenter de neutraliser ce qui lui semble \u00eatre une dominante de couleur, et ce faisant, elle va souvent effacer exactement ce qui donnait de l&rsquo;ambiance \u00e0 la sc\u00e8ne.<\/p>\n\n\n\n<p>Une rue orange au sodium a un caract\u00e8re particulier. Une fa\u00e7ade \u00e9clair\u00e9e au LED froid dans un ciel encore bleu raconte quelque chose sur l&rsquo;heure et l&rsquo;atmosph\u00e8re. Quand la balance automatique te ram\u00e8ne vers du blanc neutre, tu perds cette information. Ce qui semblait juste techniquement devient plat visuellement.<\/p>\n\n\n\n<h3 class=\"wp-block-heading\">Garder le bleu de l&rsquo;heure bleue sans le neutraliser<\/h3>\n\n\n\n<p>C&rsquo;est l&rsquo;erreur classique de l&rsquo;heure bleue : r\u00e9gler la balance des blancs pour corriger le bleu du ciel, et se retrouver avec une image qui aurait pu \u00eatre prise \u00e0 n&rsquo;importe quelle heure. Le bleu de l&rsquo;heure bleue, c&rsquo;est pr\u00e9cis\u00e9ment ce qui fait l&rsquo;image. C&rsquo;est sa raison d&rsquo;\u00eatre. Le neutraliser, c&rsquo;est perdre l&rsquo;essentiel.<\/p>\n\n\n\n<p>Pour le pr\u00e9server, tu peux utiliser une balance des blancs fixe, autour de 3 200 \u00e0 3 500 Kelvin selon l&rsquo;effet recherch\u00e9, ou photographier en RAW et d\u00e9cider en post-traitement. Dans tous les cas, r\u00e9siste \u00e0 l&rsquo;automatisme qui veut corriger ce que tu as pr\u00e9cis\u00e9ment voulu capturer.<\/p>\n\n\n<div class=\"wp-block-image\">\n<figure class=\"aligncenter size-full\"><img loading=\"lazy\" decoding=\"async\" width=\"2500\" height=\"1406\" data-attachment-id=\"9216\" data-permalink=\"https:\/\/blogphotographie.com\/fr_fr\/photo-de-nuit\/heure-bleue-ottawa-balance-blancs\/\" data-orig-file=\"https:\/\/blogphotographie.com\/wp-content\/uploads\/heure-bleue-ottawa-balance-blancs.jpg\" data-orig-size=\"2500,1406\" data-comments-opened=\"0\" data-image-meta=\"{&quot;aperture&quot;:&quot;5&quot;,&quot;credit&quot;:&quot;Sylvain Perrier&quot;,&quot;camera&quot;:&quot;Canon EOS 60D&quot;,&quot;caption&quot;:&quot;&quot;,&quot;created_timestamp&quot;:&quot;1397332339&quot;,&quot;copyright&quot;:&quot;&quot;,&quot;focal_length&quot;:&quot;18&quot;,&quot;iso&quot;:&quot;125&quot;,&quot;shutter_speed&quot;:&quot;0.1&quot;,&quot;title&quot;:&quot;&quot;,&quot;orientation&quot;:&quot;0&quot;}\" data-image-title=\"heure-bleue-ottawa-balance-blancs\" data-image-description=\"&lt;p&gt;Sc\u00e8ne \u00e0 l\u2019heure bleue \u00e0 Ottawa avec ciel bleu et \u00e9clairage urbain chaud&lt;\/p&gt;\" data-image-caption=\"\" data-large-file=\"https:\/\/blogphotographie.com\/wp-content\/uploads\/heure-bleue-ottawa-balance-blancs-1024x576.jpg\" src=\"https:\/\/blogphotographie.com\/wp-content\/uploads\/heure-bleue-ottawa-balance-blancs.jpg\" alt=\"Sc\u00e8ne \u00e0 l\u2019heure bleue \u00e0 Ottawa avec ciel bleu et \u00e9clairage urbain chaud\" class=\"wp-image-9216\" srcset=\"https:\/\/blogphotographie.com\/wp-content\/uploads\/heure-bleue-ottawa-balance-blancs.jpg 2500w, https:\/\/blogphotographie.com\/wp-content\/uploads\/heure-bleue-ottawa-balance-blancs-300x169.jpg 300w, https:\/\/blogphotographie.com\/wp-content\/uploads\/heure-bleue-ottawa-balance-blancs-1024x576.jpg 1024w, https:\/\/blogphotographie.com\/wp-content\/uploads\/heure-bleue-ottawa-balance-blancs-768x432.jpg 768w, https:\/\/blogphotographie.com\/wp-content\/uploads\/heure-bleue-ottawa-balance-blancs-1536x864.jpg 1536w, https:\/\/blogphotographie.com\/wp-content\/uploads\/heure-bleue-ottawa-balance-blancs-2048x1152.jpg 2048w, https:\/\/blogphotographie.com\/wp-content\/uploads\/heure-bleue-ottawa-balance-blancs-18x10.jpg 18w\" sizes=\"auto, (max-width: 2500px) 100vw, 2500px\" \/><figcaption class=\"wp-element-caption\"><em>\u00c0 l\u2019heure bleue, la balance des blancs d\u00e9cide souvent si l\u2019ambiance survit ou dispara\u00eet.<\/em><\/figcaption><\/figure>\n<\/div>\n\n\n<h3 class=\"wp-block-heading\">G\u00e9rer les m\u00e9langes tungst\u00e8ne, LED, sodium et lumi\u00e8re du ciel<\/h3>\n\n\n\n<p>Quand tu as plusieurs sources de couleurs tr\u00e8s diff\u00e9rentes dans le m\u00eame cadre, il n&rsquo;y a pas de balance des blancs parfaite. Tu vas soit choisir d&rsquo;\u00e9quilibrer une source principale et laisser les autres exprimer leur couleur naturelle, soit d\u00e9cider d&rsquo;une temp\u00e9rature qui unifie l&rsquo;atmosph\u00e8re g\u00e9n\u00e9rale de fa\u00e7on expressive. C&rsquo;est un choix photographique, pas une correction technique. L&rsquo;article <a href=\"https:\/\/blogphotographie.com\/fr_fr\/la-balance-des-blancs\/\">La balance des blancs<\/a> t&rsquo;explique en d\u00e9tail comment aborder ces situations complexes avec m\u00e9thode.<\/p>\n\n\n\n<h3 class=\"wp-block-heading\">Pourquoi le RAW est presque indispensable pour la nuit<\/h3>\n\n\n\n<p>La nuit est probablement la situation o\u00f9 le RAW fait la plus grande diff\u00e9rence dans ton flux de travail. Il te donne la possibilit\u00e9 de r\u00e9cup\u00e9rer des hautes lumi\u00e8res l\u00e9g\u00e8rement d\u00e9bord\u00e9es, d&rsquo;ajuster une balance des blancs qui t&rsquo;aurait d\u00e9\u00e7u en JPEG, de monter les ombres avec beaucoup moins de bruit apparent. C&rsquo;est une libert\u00e9 que le JPEG ne peut pas t&rsquo;offrir, surtout dans des conditions de lumi\u00e8re aussi complexes.<\/p>\n\n\n\n<h2 class=\"wp-block-heading\">R\u00e9glages pratiques selon le type de lumi\u00e8re nocturne<\/h2>\n\n\n\n<h3 class=\"wp-block-heading\">Ville \u00e9clair\u00e9e \u00e0 main lev\u00e9e<\/h3>\n\n\n\n<p>En ville bien \u00e9clair\u00e9e, tu peux souvent te passer de tr\u00e9pied si tu combines une ouverture large, un ISO mod\u00e9r\u00e9 et une vitesse suffisamment rapide pour geler le mouvement. La stabilisation de l&rsquo;appareil ou de l&rsquo;objectif aide, mais elle ne fige pas les sujets en mouvement. L&rsquo;article <a href=\"https:\/\/blogphotographie.com\/fr_fr\/lessentiel-sur-liso-en-photographie\/\">L&rsquo;Essentiel sur l&rsquo;ISO en photographie<\/a> t&rsquo;aide \u00e0 trouver l&rsquo;\u00e9quilibre juste sans craindre inutilement la mont\u00e9e en sensibilit\u00e9.<\/p>\n\n\n\n<h3 class=\"wp-block-heading\">Ville \u00e9clair\u00e9e sur tr\u00e9pied<\/h3>\n\n\n\n<p>Avec un support stable, tu peux descendre l&rsquo;ISO consid\u00e9rablement et ralentir l&rsquo;obturation pour accumuler la lumi\u00e8re disponible. Tu r\u00e9cup\u00e8res en qualit\u00e9 d&rsquo;image ce que tu perds en spontan\u00e9it\u00e9. Pour les sc\u00e8nes statiques nocturnes, c&rsquo;est souvent le meilleur compromis entre qualit\u00e9, ambiance et ma\u00eetrise technique.<\/p>\n\n\n\n<h3 class=\"wp-block-heading\">Tra\u00een\u00e9es de lumi\u00e8re et circulation<\/h3>\n\n\n\n<p>Pour les fil\u00e9s de lumi\u00e8re, il te faut une vitesse lente, de quelques secondes \u00e0 plusieurs dizaines de secondes selon l&rsquo;effet recherch\u00e9. Les voitures, les v\u00e9los, tout ce qui se d\u00e9place avec une source lumineuse va laisser une tra\u00een\u00e9e dans le cadre. Il te faut un tr\u00e9pied, un d\u00e9clenchement stable, minuterie, t\u00e9l\u00e9commande ou obturateur \u00e9lectronique si ton appareil le permet, et l&rsquo;article <a href=\"https:\/\/blogphotographie.com\/fr_fr\/la-vitesse-dobturation\/\">Vitesse d&rsquo;obturation : comprendre et \u00e9viter les photos floues facilement<\/a> pour bien comprendre l&rsquo;effet de chaque palier sur le rendu final.<\/p>\n\n\n\n<h3 class=\"wp-block-heading\">Lune dans un paysage nocturne<\/h3>\n\n\n\n<p>La lune est une source lumineuse ponctuelle et tr\u00e8s lumineuse dans un contexte tr\u00e8s sombre. Si tu exposes pour le ciel \u00e9toil\u00e9, tu vas saturer la lune. Si tu exposes pour la lune, tu vas boucher tout le reste. Il faut donc choisir ton intention clairement : est-ce que la lune est un \u00e9l\u00e9ment dans un paysage, ou est-ce qu&rsquo;elle est le sujet principal ? L&rsquo;article <a href=\"https:\/\/blogphotographie.com\/fr_fr\/capturer-la-lune\/\">Capturer la Lune<\/a> traite sp\u00e9cifiquement de ce cas de figure avec des approches concr\u00e8tes.<\/p>\n\n\n<div class=\"wp-block-image\">\n<figure class=\"aligncenter size-full\"><img loading=\"lazy\" decoding=\"async\" width=\"2434\" height=\"1370\" data-attachment-id=\"9218\" data-permalink=\"https:\/\/blogphotographie.com\/fr_fr\/photo-de-nuit\/lune-ciel-nuit-foret\/\" data-orig-file=\"https:\/\/blogphotographie.com\/wp-content\/uploads\/lune-ciel-nuit-foret.jpg\" data-orig-size=\"2434,1370\" data-comments-opened=\"0\" data-image-meta=\"{&quot;aperture&quot;:&quot;0&quot;,&quot;credit&quot;:&quot;&quot;,&quot;camera&quot;:&quot;&quot;,&quot;caption&quot;:&quot;Upscaled with Gigapixel v1.1.2. 1080x719 =\\u0026gt; 2160x1438 (2x) @ 72 ppi Model: Standard V2, denoise: 0.21, sharpen: 0.19, decompression: 0.01&quot;,&quot;created_timestamp&quot;:&quot;1773068316&quot;,&quot;copyright&quot;:&quot;&quot;,&quot;focal_length&quot;:&quot;0&quot;,&quot;iso&quot;:&quot;0&quot;,&quot;shutter_speed&quot;:&quot;0&quot;,&quot;title&quot;:&quot;&quot;,&quot;orientation&quot;:&quot;0&quot;}\" data-image-title=\"lune-ciel-nuit-foret\" data-image-description=\"&lt;p&gt;Lune dans un ciel nocturne \u00e9toil\u00e9 au-dessus d\u2019une for\u00eat sombre&lt;\/p&gt;\" data-image-caption=\"\" data-large-file=\"https:\/\/blogphotographie.com\/wp-content\/uploads\/lune-ciel-nuit-foret-1024x576.jpg\" src=\"https:\/\/blogphotographie.com\/wp-content\/uploads\/lune-ciel-nuit-foret.jpg\" alt=\"Lune dans un ciel nocturne \u00e9toil\u00e9 au-dessus d\u2019une for\u00eat sombre\" class=\"wp-image-9218\" srcset=\"https:\/\/blogphotographie.com\/wp-content\/uploads\/lune-ciel-nuit-foret.jpg 2434w, https:\/\/blogphotographie.com\/wp-content\/uploads\/lune-ciel-nuit-foret-300x169.jpg 300w, https:\/\/blogphotographie.com\/wp-content\/uploads\/lune-ciel-nuit-foret-1024x576.jpg 1024w, https:\/\/blogphotographie.com\/wp-content\/uploads\/lune-ciel-nuit-foret-768x432.jpg 768w, https:\/\/blogphotographie.com\/wp-content\/uploads\/lune-ciel-nuit-foret-1536x865.jpg 1536w, https:\/\/blogphotographie.com\/wp-content\/uploads\/lune-ciel-nuit-foret-2048x1153.jpg 2048w, https:\/\/blogphotographie.com\/wp-content\/uploads\/lune-ciel-nuit-foret-18x10.jpg 18w\" sizes=\"auto, (max-width: 2434px) 100vw, 2434px\" \/><figcaption class=\"wp-element-caption\"><em>La lune est une source lumineuse ponctuelle qui demande une exposition diff\u00e9rente du reste de la nuit.<\/em><\/figcaption><\/figure>\n<\/div>\n\n\n<h3 class=\"wp-block-heading\">Feux d&rsquo;artifice<\/h3>\n\n\n\n<p>Les feux d&rsquo;artifice exigent une logique d&rsquo;exposition presque invers\u00e9e par rapport \u00e0 ce qu&rsquo;on ferait en basse lumi\u00e8re classique. Tu exposes pour les hautes lumi\u00e8res, les tra\u00een\u00e9es color\u00e9es, pas pour le ciel noir environnant. Une ouverture plut\u00f4t ferm\u00e9e, un ISO bas et une vitesse lente pour accumuler plusieurs explosions dans la m\u00eame image. Le tr\u00e9pied est non n\u00e9gociable ici, parce que la dur\u00e9e de pose d\u00e9passe souvent plusieurs secondes.<\/p>\n\n\n\n<h3 class=\"wp-block-heading\">Campagne de nuit avec halo urbain au loin<\/h3>\n\n\n\n<p>La campagne de nuit sans lune et sans \u00e9clairage direct peut sembler uniform\u00e9ment noire, mais le halo urbain \u00e0 l&rsquo;horizon lui donne une texture particuli\u00e8re. Ce halo change selon la m\u00e9t\u00e9o, la saison et la direction dans laquelle tu pointes ton objectif. C&rsquo;est une lumi\u00e8re diffuse qui devient un \u00e9l\u00e9ment graphique fort dans le cadre si tu l&rsquo;int\u00e8gres d\u00e9lib\u00e9r\u00e9ment plut\u00f4t que de faire semblant qu&rsquo;elle n&rsquo;existe pas.<\/p>\n\n\n\n<h2 class=\"wp-block-heading\">Mise au point et stabilit\u00e9 : les deux pi\u00e8ges techniques les plus fr\u00e9quents<\/h2>\n\n\n\n<h3 class=\"wp-block-heading\">Pourquoi l&rsquo;autofocus moderne aide davantage qu&rsquo;avant en basse lumi\u00e8re<\/h3>\n\n\n\n<p>Les hybrides actuels ont fait des pas importants dans la capacit\u00e9 de l&rsquo;autofocus \u00e0 fonctionner en basse lumi\u00e8re. La d\u00e9tection de phase sur capteur, combin\u00e9e \u00e0 des algorithmes de reconnaissance du sujet, permet aujourd&rsquo;hui de verrouiller la mise au point dans des conditions qui auraient \u00e9t\u00e9 impossibles il y a quelques g\u00e9n\u00e9rations d&rsquo;appareils. Ce n&rsquo;est pas magique pour autant : un sujet en mouvement rapide dans la p\u00e9nombre reste un d\u00e9fi, et un fond peu contrast\u00e9 peut encore induire le syst\u00e8me en erreur. Mais globalement, la situation en ville nocturne \u00e0 main lev\u00e9e est devenue beaucoup plus favorable.<\/p>\n\n\n\n<h3 class=\"wp-block-heading\">Quand passer en mise au point manuelle<\/h3>\n\n\n\n<p>La mise au point manuelle reste utile la nuit dans plusieurs situations pr\u00e9cises : quand l&rsquo;autofocus cherche sans trouver, quand tu vises une zone tr\u00e8s sp\u00e9cifique du cadre sur un sujet fixe, quand tu fais de l&rsquo;astrophoto et que tu dois viser les \u00e9toiles, ou quand tu veux v\u00e9rifier toi-m\u00eame le r\u00e9sultat avec le zoom de v\u00e9rification sur l&rsquo;\u00e9cran. Les <a href=\"https:\/\/blogphotographie.com\/fr_fr\/les-collimateurs-ou-points-af\/\">collimateurs ou points AF<\/a> peuvent aussi t&rsquo;aider \u00e0 concentrer la d\u00e9tection sur une zone pr\u00e9cise du cadre plut\u00f4t que de laisser l&rsquo;appareil choisir.<\/p>\n\n\n\n<h3 class=\"wp-block-heading\">Stabilisation : utile \u00e0 main lev\u00e9e, mais pas magique<\/h3>\n\n\n\n<p>La stabilisation compense le tremblement involontaire du photographe. Elle ne compense pas le mouvement du sujet. Si tu photographies un pi\u00e9ton qui marche vite de nuit \u00e0 main lev\u00e9e avec une vitesse trop lente, la stabilisation va peut-\u00eatre te donner un fond net avec un sujet flou, ce qui est rarement ce que tu cherchais. L&rsquo;article <a href=\"https:\/\/blogphotographie.com\/fr_fr\/stabilisation-de-limage\/\">Stabilisation de l&rsquo;image<\/a> explique en d\u00e9tail ce que ce syst\u00e8me fait r\u00e9ellement et, surtout, ce qu&rsquo;il ne peut pas faire.<\/p>\n\n\n\n<h3 class=\"wp-block-heading\">Quand le tr\u00e9pied reste non n\u00e9gociable<\/h3>\n\n\n\n<p>Pour toute pose sup\u00e9rieure \u00e0 une fraction de seconde avec un sujet statique, pour les fil\u00e9s de lumi\u00e8re, pour les paysages \u00e9toil\u00e9s, pour la coh\u00e9rence d&rsquo;une s\u00e9rie d&rsquo;images nocturnes : le tr\u00e9pied reste le seul outil qui garantit une stabilit\u00e9 r\u00e9elle. Pas besoin d&rsquo;un mod\u00e8le co\u00fbteux, mais d&rsquo;un support vraiment stable et d&rsquo;un d\u00e9clenchement qui \u00e9vite de faire vibrer l&rsquo;appareil au moment de la prise de vue.<\/p>\n\n\n\n<h2 class=\"wp-block-heading\">Bruit num\u00e9rique, nettet\u00e9 et post-traitement moderne<\/h2>\n\n\n\n<h3 class=\"wp-block-heading\">Monter l&rsquo;ISO intelligemment au lieu de le craindre en bloc<\/h3>\n\n\n\n<p>La peur du bruit num\u00e9rique pousse beaucoup de photographes \u00e0 garder des ISO tr\u00e8s bas, et parfois ils rentrent avec des photos floues pour avoir voulu pr\u00e9server la sensibilit\u00e9. Un ISO \u00e9lev\u00e9 avec une image nette est presque toujours plus utile qu&rsquo;un ISO bas avec du flou de boug\u00e9. La gestion du bruit a consid\u00e9rablement progress\u00e9, et la mont\u00e9e en ISO n&rsquo;est plus le sacrifice qu&rsquo;elle \u00e9tait autrefois. L&rsquo;article <a href=\"https:\/\/blogphotographie.com\/fr_fr\/osez-monter-les-iso-sans-crainte\/\">Osez Monter les ISO sans Crainte<\/a> aborde exactement cette question avec une approche lib\u00e9ratrice et concr\u00e8te.<\/p>\n\n\n\n<h3 class=\"wp-block-heading\">Ce que les hybrides actuels changent r\u00e9ellement sur le terrain<\/h3>\n\n\n\n<p>Pr\u00e9sentement, les hybrides offrent des capteurs dont la performance en haute sensibilit\u00e9 d\u00e9passe largement ce qui \u00e9tait disponible il y a quelques ann\u00e9es. Des valeurs d&rsquo;ISO qui auraient rendu une image inutilisable autrefois sont aujourd&rsquo;hui parfaitement exploitables, surtout en RAW avec un d\u00e9veloppement soign\u00e9. \u00c7a ne veut pas dire que tu peux ignorer tes r\u00e9glages, mais \u00e7a te donne une marge r\u00e9elle dans des conditions difficiles o\u00f9 tu n&rsquo;aurais pas eu d&rsquo;autre choix que de renoncer.<\/p>\n\n\n\n<h3 class=\"wp-block-heading\">R\u00e9duction du bruit par IA : utile comme aide, pas comme excuse \u00e0 une mauvaise exposition<\/h3>\n\n\n\n<p>Les outils actuels de d\u00e9bruitage assist\u00e9 par intelligence artificielle sont devenus suffisamment performants pour faire partie d&rsquo;un flux de travail moderne s\u00e9rieux. Ils peuvent transformer un ISO \u00e9lev\u00e9 en quelque chose de propre et exploitable, avec un niveau de d\u00e9tail pr\u00e9serv\u00e9 qui d\u00e9passe ce que les m\u00e9thodes classiques permettaient. Mais ils ne cr\u00e9ent pas de l&rsquo;information qui n&rsquo;existe pas dans le fichier. Une image fortement sous-expos\u00e9e et remont\u00e9e de plusieurs stops va r\u00e9v\u00e9ler un bruit que m\u00eame les meilleurs outils ne r\u00e9cup\u00e8rent pas parfaitement. Le d\u00e9bruitage par IA est une aide apr\u00e8s une bonne prise de vue, pas un filet de s\u00e9curit\u00e9 pour des erreurs d&rsquo;exposition. L&rsquo;article <a href=\"https:\/\/blogphotographie.com\/fr_fr\/post-traitement-en-photographie\/\">Post-traitement en photographie<\/a> t&rsquo;aide \u00e0 int\u00e9grer ces outils dans un flux de travail coh\u00e9rent sans en faire une b\u00e9quille.<\/p>\n\n\n\n<h3 class=\"wp-block-heading\">Conserver une nuit cr\u00e9dible sans tout \u00e9claircir en post-traitement<\/h3>\n\n\n\n<p>L&rsquo;erreur la plus fr\u00e9quente en d\u00e9veloppement d&rsquo;images nocturnes, c&rsquo;est de trop remonter les ombres. Le r\u00e9sultat est une image avec des noirs plats et gris qui ressemble \u00e0 un jour tr\u00e8s nuageux plut\u00f4t qu&rsquo;\u00e0 une nuit. La nuit a des noirs. Des vrais. Des noirs denses et intentionnels. Laisse-les l\u00e0. Utilise ta latitude de r\u00e9cup\u00e9ration pour retrouver les d\u00e9tails qui comptent, pas pour tout \u00e9galiser dans un gris uniforme.<\/p>\n\n\n\n<h2 class=\"wp-block-heading\">Composer la nuit : faire respirer l&rsquo;ombre au lieu de la combattre<\/h2>\n\n\n\n<h3 class=\"wp-block-heading\">Utiliser les zones noires comme structure<\/h3>\n\n\n\n<p>En photographie diurne, une zone noire dans le cadre est souvent per\u00e7ue comme un probl\u00e8me \u00e0 corriger. La nuit, c&rsquo;est exactement l&rsquo;inverse : les zones sombres sont ta structure. Elles cr\u00e9ent le poids de l&rsquo;image, guident le regard vers les zones lumineuses, donnent de la densit\u00e9 et de la mati\u00e8re \u00e0 la composition. Au lieu de chercher \u00e0 les d\u00e9boucher, demande-toi d&rsquo;abord si elles travaillent pour toi, si elles servent l&rsquo;image ou non.<\/p>\n\n\n\n<h3 class=\"wp-block-heading\">Laisser une lumi\u00e8re guider le regard<\/h3>\n\n\n\n<p>Une image nocturne fonctionne souvent mieux quand il y a une lumi\u00e8re principale qui organise le regard. Ce n&rsquo;est pas forc\u00e9ment la plus grande ou la plus brillante source dans le cadre. C&rsquo;est celle qui attire l&rsquo;\u0153il en premier et qui m\u00e8ne ensuite vers le reste de l&rsquo;image. Si ton cadre contient cinq sources de lumi\u00e8re \u00e9quivalentes qui se battent pour l&rsquo;attention, l&rsquo;image risque de sembler bruyante visuellement, m\u00eame si elle est techniquement bien expos\u00e9e.<\/p>\n\n\n\n<h3 class=\"wp-block-heading\">Reflets, lignes et r\u00e9p\u00e9titions lumineuses<\/h3>\n\n\n\n<p>L&rsquo;eau, le verre, les surfaces mouill\u00e9es : tout \u00e7a refl\u00e8te la lumi\u00e8re nocturne et multiplie les sources visuelles dans le cadre. Un reflet bien utilis\u00e9 peut doubler l&rsquo;impact d&rsquo;une lumi\u00e8re, cr\u00e9er de la sym\u00e9trie, prolonger une ligne compositionnelle. Les lignes lumineuses, une route, un pont \u00e9clair\u00e9, des rails, ont une capacit\u00e9 naturelle \u00e0 mener le regard vers le point fort de l&rsquo;image. Cherche ces structures avant de d\u00e9clencher.<\/p>\n\n\n<div class=\"wp-block-image\">\n<figure class=\"aligncenter size-full\"><img loading=\"lazy\" decoding=\"async\" width=\"2560\" height=\"1440\" data-attachment-id=\"9217\" data-permalink=\"https:\/\/blogphotographie.com\/fr_fr\/photo-de-nuit\/pont-alexandra-ottawa-nuit-reflets\/\" data-orig-file=\"https:\/\/blogphotographie.com\/wp-content\/uploads\/pont-alexandra-ottawa-nuit-reflets-scaled.jpg\" data-orig-size=\"2560,1440\" data-comments-opened=\"0\" data-image-meta=\"{&quot;aperture&quot;:&quot;4&quot;,&quot;credit&quot;:&quot;Sylvain Perrier&quot;,&quot;camera&quot;:&quot;Canon EOS 60D&quot;,&quot;caption&quot;:&quot;&quot;,&quot;created_timestamp&quot;:&quot;1336251208&quot;,&quot;copyright&quot;:&quot;&quot;,&quot;focal_length&quot;:&quot;10&quot;,&quot;iso&quot;:&quot;100&quot;,&quot;shutter_speed&quot;:&quot;2&quot;,&quot;title&quot;:&quot;&quot;,&quot;orientation&quot;:&quot;0&quot;}\" data-image-title=\"pont-alexandra-ottawa-nuit-reflets\" data-image-description=\"&lt;p&gt;Pont Alexandra de nuit avec reflets lumineux sur la rivi\u00e8re \u00e0 Ottawa&lt;\/p&gt;\" data-image-caption=\"\" data-large-file=\"https:\/\/blogphotographie.com\/wp-content\/uploads\/pont-alexandra-ottawa-nuit-reflets-1024x576.jpg\" src=\"https:\/\/blogphotographie.com\/wp-content\/uploads\/pont-alexandra-ottawa-nuit-reflets-scaled.jpg\" alt=\"Pont Alexandra de nuit avec reflets lumineux sur la rivi\u00e8re \u00e0 Ottawa\" class=\"wp-image-9217\" srcset=\"https:\/\/blogphotographie.com\/wp-content\/uploads\/pont-alexandra-ottawa-nuit-reflets-scaled.jpg 2560w, https:\/\/blogphotographie.com\/wp-content\/uploads\/pont-alexandra-ottawa-nuit-reflets-300x169.jpg 300w, https:\/\/blogphotographie.com\/wp-content\/uploads\/pont-alexandra-ottawa-nuit-reflets-1024x576.jpg 1024w, https:\/\/blogphotographie.com\/wp-content\/uploads\/pont-alexandra-ottawa-nuit-reflets-768x432.jpg 768w, https:\/\/blogphotographie.com\/wp-content\/uploads\/pont-alexandra-ottawa-nuit-reflets-1536x864.jpg 1536w, https:\/\/blogphotographie.com\/wp-content\/uploads\/pont-alexandra-ottawa-nuit-reflets-2048x1152.jpg 2048w, https:\/\/blogphotographie.com\/wp-content\/uploads\/pont-alexandra-ottawa-nuit-reflets-18x10.jpg 18w\" sizes=\"auto, (max-width: 2560px) 100vw, 2560px\" \/><figcaption class=\"wp-element-caption\"><em>Les reflets prolongent la lumi\u00e8re et renforcent la composition dans une sc\u00e8ne nocturne.<\/em><\/figcaption><\/figure>\n<\/div>\n\n\n<h3 class=\"wp-block-heading\">Cr\u00e9er une signature visuelle sans surtraiter<\/h3>\n\n\n\n<p>La nuit invite souvent \u00e0 pousser le contraste et la saturation en post-traitement. C&rsquo;est une tentation compr\u00e9hensible, parce que le fichier brut para\u00eet parfois terne. Mais un traitement excessif donne des images qui se ressemblent toutes, avec des noirs \u00e9cras\u00e9s, des couleurs pouss\u00e9es au-del\u00e0 du cr\u00e9dible et une texture disparue. Ta signature vient de tes choix de lumi\u00e8re, de cadre et d&rsquo;intention, pas de la quantit\u00e9 de traitement appliqu\u00e9 apr\u00e8s le fait.<\/p>\n\n\n\n<h2 class=\"wp-block-heading\">Les erreurs les plus fr\u00e9quentes en photo de nuit<\/h2>\n\n\n\n<h3 class=\"wp-block-heading\">Surexposer la sc\u00e8ne jusqu&rsquo;\u00e0 perdre l&rsquo;ambiance<\/h3>\n\n\n\n<p>Vouloir \u00ab\u00a0voir\u00a0\u00bb tout ce qu&rsquo;il y a dans le cadre m\u00e8ne souvent \u00e0 surexposer de fa\u00e7on importante. Le r\u00e9sultat ressemble \u00e0 une sc\u00e8ne de jour mal \u00e9clair\u00e9e, avec des hautes lumi\u00e8res br\u00fbl\u00e9es et une atmosph\u00e8re nocturne compl\u00e8tement \u00e9vapor\u00e9e. Si la nuit ressemble \u00e0 du jour gris sur ton \u00e9cran arri\u00e8re, tu as trop \u00e9clairci. La nuit a une densit\u00e9. Elle s&rsquo;assume.<\/p>\n\n\n\n<h3 class=\"wp-block-heading\">Laisser l&rsquo;auto neutraliser toutes les couleurs<\/h3>\n\n\n\n<p>La balance des blancs automatique, le contraste automatique, la saturation automatique : chacun de ces r\u00e9glages peut, pris s\u00e9par\u00e9ment, sembler raisonnable. Ensemble, ils risquent de produire une image g\u00e9n\u00e9rique qui aurait pu \u00eatre prise n&rsquo;importe o\u00f9 n&rsquo;importe quand. La lumi\u00e8re de nuit a une couleur. Elle a un caract\u00e8re. Assume-la plut\u00f4t que de tout normaliser.<\/p>\n\n\n\n<h3 class=\"wp-block-heading\">Monter les ISO alors qu&rsquo;un support stable suffisait<\/h3>\n\n\n\n<p>Quand la sc\u00e8ne est statique et que tu as le temps de t&rsquo;installer correctement, un tr\u00e9pied te permet de garder les ISO bas et d&rsquo;obtenir une qualit\u00e9 d&rsquo;image nettement sup\u00e9rieure. Monter les ISO pour \u00e9viter d&rsquo;utiliser un support alors que le sujet ne bouge pas et que tu as le temps, c&rsquo;est un compromis inutile qui co\u00fbte de la qualit\u00e9 sans rien apporter.<\/p>\n\n\n\n<h3 class=\"wp-block-heading\">Vouloir tout montrer au lieu de choisir un sujet lumineux clair<\/h3>\n\n\n\n<p>La nuit est g\u00e9n\u00e9reuse en d\u00e9tails int\u00e9ressants. Mais une image qui essaie de tout capturer en m\u00eame temps finit souvent par ne rien raconter clairement. Choisis un point fort lumineux, un sujet principal, et construis ta composition autour de lui. Le reste peut \u00eatre pr\u00e9sent sans dominer. La s\u00e9lection, c&rsquo;est ton premier outil de mise en sc\u00e8ne.<\/p>\n\n\n\n<h3 class=\"wp-block-heading\">Liens connexes<\/h3>\n\n\n\n<ul class=\"wp-block-list\">\n<li><a href=\"https:\/\/blogphotographie.com\/fr_fr\/comprendre-et-maitriser-le-triangle-dexposition\/\">Comprendre et ma\u00eetriser le triangle d&rsquo;exposition<\/a><\/li>\n\n\n\n<li><a href=\"https:\/\/blogphotographie.com\/fr_fr\/choisir-la-bonne-ouverture\/\">Choisir la bonne ouverture<\/a><\/li>\n\n\n\n<li><a href=\"https:\/\/blogphotographie.com\/fr_fr\/comment-maitriser-les-contrastes-intenses\/\">Ma\u00eetriser les Contrastes Intenses<\/a><\/li>\n\n\n\n<li><a href=\"https:\/\/blogphotographie.com\/fr_fr\/la-lumiere-en-photographie\/\">La Lumi\u00e8re en Photographie<\/a><\/li>\n\n\n\n<li><a href=\"https:\/\/blogphotographie.com\/fr_fr\/limportance-de-la-lumiere-naturelle-en-photographie\/\">L&rsquo;importance de la Lumi\u00e8re Naturelle en Photographie<\/a><\/li>\n<\/ul>\n\n\n\n<figure class=\"wp-block-image size-full\"><img loading=\"lazy\" decoding=\"async\" width=\"1920\" height=\"237\" data-attachment-id=\"5579\" data-permalink=\"https:\/\/blogphotographie.com\/fr_fr\/modes-de-mesure-en-photographie\/faq\/\" data-orig-file=\"https:\/\/blogphotographie.com\/wp-content\/uploads\/faq.jpg\" data-orig-size=\"1920,237\" data-comments-opened=\"1\" data-image-meta=\"{&quot;aperture&quot;:&quot;0&quot;,&quot;credit&quot;:&quot;&quot;,&quot;camera&quot;:&quot;&quot;,&quot;caption&quot;:&quot;&quot;,&quot;created_timestamp&quot;:&quot;0&quot;,&quot;copyright&quot;:&quot;&quot;,&quot;focal_length&quot;:&quot;0&quot;,&quot;iso&quot;:&quot;0&quot;,&quot;shutter_speed&quot;:&quot;0&quot;,&quot;title&quot;:&quot;&quot;,&quot;orientation&quot;:&quot;0&quot;}\" data-image-title=\"faq\" data-image-description=\"\" data-image-caption=\"\" data-large-file=\"https:\/\/blogphotographie.com\/wp-content\/uploads\/faq.jpg\" src=\"https:\/\/blogphotographie.com\/wp-content\/uploads\/faq.jpg\" alt=\"\" class=\"wp-image-5579\" srcset=\"https:\/\/blogphotographie.com\/wp-content\/uploads\/faq.jpg 1920w, https:\/\/blogphotographie.com\/wp-content\/uploads\/faq-1225x151.jpg 1225w, https:\/\/blogphotographie.com\/wp-content\/uploads\/faq-768x95.jpg 768w, https:\/\/blogphotographie.com\/wp-content\/uploads\/faq-1536x189.jpg 1536w, https:\/\/blogphotographie.com\/wp-content\/uploads\/faq-2048x252.jpg 2048w, https:\/\/blogphotographie.com\/wp-content\/uploads\/faq-18x2.jpg 18w, https:\/\/blogphotographie.com\/wp-content\/uploads\/faq-335x41.jpg 335w, https:\/\/blogphotographie.com\/wp-content\/uploads\/faq-1050x129.jpg 1050w\" sizes=\"auto, (max-width: 1920px) 100vw, 1920px\" \/><\/figure>\n\n\n\n<h2 class=\"wp-block-heading\">FAQ : photo de nuit<\/h2>\n\n\n\n<h3 class=\"wp-block-heading\">Quels r\u00e9glages utiliser pour faire une photo de nuit ?<\/h3>\n\n\n\n<p>Il n&rsquo;y a pas de r\u00e9glages universels pour la nuit, parce que chaque situation lumineuse est diff\u00e9rente. En g\u00e9n\u00e9ral, commence par lire le type de lumi\u00e8re que tu as devant toi : heure bleue, lumi\u00e8re urbaine mixte, sc\u00e8ne tr\u00e8s contrast\u00e9e avec une source ponctuelle. Ensuite, prot\u00e8ge les hautes lumi\u00e8res avec ton exposition, ajuste l&rsquo;ISO selon la stabilit\u00e9 que tu as, main lev\u00e9e ou tr\u00e9pied, et r\u00e8gle ta vitesse en fonction de l&rsquo;effet recherch\u00e9, gel du mouvement ou fil\u00e9.<\/p>\n\n\n\n<h3 class=\"wp-block-heading\">Faut-il absolument un tr\u00e9pied pour photographier la nuit ?<\/h3>\n\n\n\n<p>Non, pas absolument. En ville bien \u00e9clair\u00e9e, \u00e0 l&rsquo;heure bleue ou dans des conditions de lumi\u00e8re raisonnables, un appareil hybride r\u00e9cent avec une bonne stabilisation et une ouverture large peut donner des r\u00e9sultats solides \u00e0 main lev\u00e9e. Mais pour les poses longues, les fil\u00e9s de lumi\u00e8re, les ciels \u00e9toil\u00e9s ou les sc\u00e8nes tr\u00e8s sombres, le tr\u00e9pied reste le seul moyen d&rsquo;obtenir une image r\u00e9ellement nette sans compromis sur l&rsquo;ISO.<\/p>\n\n\n\n<h3 class=\"wp-block-heading\">Quelle balance des blancs choisir pour une photo de nuit ?<\/h3>\n\n\n\n<p>En lumi\u00e8re urbaine mixte, la balance automatique se trompe souvent. Une valeur fixe autour de 3 200 \u00e0 4 000 Kelvin donne g\u00e9n\u00e9ralement un rendu chaud coh\u00e9rent en milieu urbain. Pour l&rsquo;heure bleue, une valeur plus froide, entre 3 000 et 3 500 Kelvin, pr\u00e9serve le bleu du ciel. En RAW, tu peux ajuster apr\u00e8s coup sans perte de qualit\u00e9, ce qui te donne une flexibilit\u00e9 compl\u00e8te.<\/p>\n\n\n\n<h3 class=\"wp-block-heading\">Comment \u00e9viter le bruit num\u00e9rique en photo de nuit ?<\/h3>\n\n\n\n<p>D&rsquo;abord, expose correctement : une image sous-expos\u00e9e remont\u00e9e en post-traitement g\u00e9n\u00e8re beaucoup plus de bruit apparent qu&rsquo;une image bien expos\u00e9e \u00e0 ISO \u00e9lev\u00e9. Ensuite, utilise un tr\u00e9pied quand la sc\u00e8ne le permet pour garder la sensibilit\u00e9 basse. Si tu dois monter l&rsquo;ISO, fais-le d\u00e9lib\u00e9r\u00e9ment en sachant ce que tu gagnes en contrepartie. Et en post-traitement, les outils de d\u00e9bruitage assist\u00e9 par IA peuvent faire une diff\u00e9rence significative sur des fichiers RAW bien expos\u00e9s.<\/p>\n\n\n\n<h3 class=\"wp-block-heading\">Comment photographier l&rsquo;heure bleue sans perdre le bleu du ciel ?<\/h3>\n\n\n\n<p>R\u00e8gle ta balance des blancs manuellement \u00e0 une valeur froide, entre 3 000 et 3 500 Kelvin, plut\u00f4t que de laisser l&rsquo;automatisme compenser le bleu. Photographie en RAW pour pouvoir ajuster finement. Et surtout, r\u00e9siste \u00e0 la tentation de r\u00e9chauffer l&rsquo;image en post-traitement si c&rsquo;est pr\u00e9cis\u00e9ment ce bleu que tu voulais capturer au d\u00e9part.<\/p>\n\n\n\n<h3 class=\"wp-block-heading\">Comment faire des fil\u00e9s de lumi\u00e8re la nuit ?<\/h3>\n\n\n\n<p>Pour les fil\u00e9s de voitures ou d&rsquo;autres sources lumineuses en mouvement, il te faut une vitesse lente, un tr\u00e9pied et un d\u00e9clenchement stable. La dur\u00e9e d\u00e9pend de la vitesse du sujet et de la longueur de tra\u00een\u00e9e que tu veux. Commence par deux \u00e0 cinq secondes et ajuste selon le r\u00e9sultat. Ferme l&rsquo;ouverture pour \u00e9viter la surexposition, et descends l&rsquo;ISO au minimum.<\/p>\n\n\n\n<h3 class=\"wp-block-heading\">Peut-on r\u00e9ussir une photo de nuit \u00e0 main lev\u00e9e ?<\/h3>\n\n\n\n<p>Oui, dans les bonnes conditions. En ville bien \u00e9clair\u00e9e, avec un appareil hybride r\u00e9cent, une ouverture \u00e0 f\/1.8 ou f\/2, un ISO adapt\u00e9 \u00e0 la situation et une stabilisation active, tu peux obtenir des r\u00e9sultats tr\u00e8s satisfaisants. L&rsquo;heure bleue est particuli\u00e8rement favorable \u00e0 la main lev\u00e9e, parce que la lumi\u00e8re r\u00e9siduelle du ciel r\u00e9duit l&rsquo;\u00e9cart de contraste et te laisse une vitesse plus utilisable.<\/p>\n\n\n\n<h3 class=\"wp-block-heading\">Comment photographier la lune sans la surexposer ?<\/h3>\n\n\n\n<p>La lune est tr\u00e8s lumineuse par rapport au reste d&rsquo;une sc\u00e8ne nocturne. Si tu exposes pour le paysage environnant, tu vas saturer la lune. Expose plut\u00f4t pour la lune elle-m\u00eame : une vitesse suffisamment rapide pour geler son d\u00e9placement apparent, un ISO bas et une ouverture mod\u00e9r\u00e9e. Si tu veux \u00e0 la fois le paysage et la lune correctement expos\u00e9s, tu devras soit faire des prises s\u00e9par\u00e9es et les assembler, soit choisir le moment o\u00f9 l&rsquo;\u00e9quilibre lumineux entre la lune et le sol est le plus favorable, souvent juste apr\u00e8s son lever ou avant son coucher.<\/p>\n\n\n\n<div class=\"article-signature\">\n    \u2014 Sylvain Perrier \u00b7 Photographe &#038; formateur  \n    <a href=\"https:\/\/academiephotographegatineau.com\/\" target=\"_blank\">\n        Acad\u00e9mie Photographe Gatineau\n    <\/a>\n<\/div>","protected":false},"excerpt":{"rendered":"<p>La nuit n&rsquo;est pas noire. Elle est faite de lumi\u00e8res multiples, contrast\u00e9es et souvent trompeuses. Avant de toucher \u00e0 tes r\u00e9glages, apprends \u00e0 lire ce que tu vois vraiment. Parce que quand tu comprends la qualit\u00e9, la couleur et le contraste de la lumi\u00e8re nocturne, tout le reste devient beaucoup plus logique.<\/p>","protected":false},"author":1,"featured_media":9222,"comment_status":"closed","ping_status":"closed","sticky":false,"template":"","format":"standard","meta":{"_kad_post_transparent":"","_kad_post_title":"","_kad_post_layout":"","_kad_post_sidebar_id":"","_kad_post_content_style":"","_kad_post_vertical_padding":"","_kad_post_feature":"","_kad_post_feature_position":"","_kad_post_header":false,"_kad_post_footer":false,"_kad_post_classname":"","jetpack_post_was_ever_published":false,"_jetpack_newsletter_access":"","_jetpack_dont_email_post_to_subs":false,"_jetpack_newsletter_tier_id":0,"_jetpack_memberships_contains_paywalled_content":false,"_jetpack_memberships_contains_paid_content":false,"footnotes":""},"categories":[2957,2959],"tags":[3041,3039,3040,3037,1790,1198,3036,3042,3044,3043,3038],"class_list":["post-9212","post","type-post","status-publish","format-standard","has-post-thumbnail","hentry","category-lintention","category-la-lumiere","tag-balance-des-blancs-photo-de-nuit","tag-bruit-numerique-photo-de-nuit","tag-heure-bleue-photo","tag-lumiere-artificielle-photographie","tag-photo-de-nuit","tag-photographie-de-nuit","tag-photographier-la-lune","tag-pose-longue-de-nuit","tag-raw-photo-de-nuit","tag-reglages-photo-de-nuit","tag-trepied-photo-de-nuit"],"yoast_head":"<!-- This site is optimized with the Yoast SEO plugin v27.4 - https:\/\/yoast.com\/product\/yoast-seo-wordpress\/ -->\n<title>Photo de nuit : lire la lumi\u00e8re pour r\u00e9ussir ses images quand le soleil a disparu - Blog photographie<\/title>\n<meta name=\"description\" content=\"La photo de nuit, c&#039;est d&#039;abord une affaire de lumi\u00e8re, pas de r\u00e9glages. Apprends \u00e0 lire les 4 types de lumi\u00e8re nocturne pour mieux choisir tes param\u00e8tres.\" \/>\n<meta name=\"robots\" content=\"index, follow, max-snippet:-1, max-image-preview:large, max-video-preview:-1\" \/>\n<link rel=\"canonical\" href=\"https:\/\/blogphotographie.com\/fr_fr\/photo-de-nuit\/\" \/>\n<meta property=\"og:locale\" content=\"fr_FR\" \/>\n<meta property=\"og:type\" content=\"article\" \/>\n<meta property=\"og:title\" content=\"Photo de nuit : lire la lumi\u00e8re pour r\u00e9ussir ses images quand le soleil a disparu - Blog photographie\" \/>\n<meta property=\"og:description\" content=\"La photo de nuit, c&#039;est d&#039;abord une affaire de lumi\u00e8re, pas de r\u00e9glages. Apprends \u00e0 lire les 4 types de lumi\u00e8re nocturne pour mieux choisir tes param\u00e8tres.\" \/>\n<meta property=\"og:url\" content=\"https:\/\/blogphotographie.com\/fr_fr\/photo-de-nuit\/\" \/>\n<meta property=\"og:site_name\" content=\"Blog photographie\" \/>\n<meta property=\"article:publisher\" content=\"https:\/\/www.facebook.com\/leblogphotographie\" \/>\n<meta property=\"article:author\" content=\"https:\/\/www.facebook.com\/leblogphotographie\" \/>\n<meta property=\"article:published_time\" content=\"2026-03-11T12:47:04+00:00\" \/>\n<meta property=\"article:modified_time\" content=\"2026-03-31T21:44:11+00:00\" \/>\n<meta property=\"og:image\" content=\"https:\/\/blogphotographie.com\/wp-content\/uploads\/photo-nuit-place-td-ottawa-scaled.jpg\" \/>\n\t<meta property=\"og:image:width\" content=\"2560\" \/>\n\t<meta property=\"og:image:height\" content=\"1440\" \/>\n\t<meta property=\"og:image:type\" content=\"image\/jpeg\" \/>\n<meta name=\"author\" content=\"Blog Photographie\" \/>\n<meta name=\"twitter:card\" content=\"summary_large_image\" \/>\n<meta name=\"twitter:creator\" content=\"@sylvainxperrier\" \/>\n<meta name=\"twitter:site\" content=\"@sylvainxperrier\" \/>\n<meta name=\"twitter:label1\" content=\"\u00c9crit par\" \/>\n\t<meta name=\"twitter:data1\" content=\"Blog Photographie\" \/>\n\t<meta name=\"twitter:label2\" content=\"Dur\u00e9e de lecture estim\u00e9e\" \/>\n\t<meta name=\"twitter:data2\" content=\"24 minutes\" \/>\n<script type=\"application\/ld+json\" class=\"yoast-schema-graph\">{\"@context\":\"https:\\\/\\\/schema.org\",\"@graph\":[{\"@type\":\"Article\",\"@id\":\"https:\\\/\\\/blogphotographie.com\\\/photo-de-nuit\\\/#article\",\"isPartOf\":{\"@id\":\"https:\\\/\\\/blogphotographie.com\\\/photo-de-nuit\\\/\"},\"author\":{\"name\":\"Blog Photographie\",\"@id\":\"https:\\\/\\\/blogphotographie.com\\\/#\\\/schema\\\/person\\\/5059e59b1012006c7ca43b6330053a01\"},\"headline\":\"Photo de nuit : lire la lumi\u00e8re pour r\u00e9ussir ses images quand le soleil a disparu\",\"datePublished\":\"2026-03-11T12:47:04+00:00\",\"dateModified\":\"2026-03-31T21:44:11+00:00\",\"mainEntityOfPage\":{\"@id\":\"https:\\\/\\\/blogphotographie.com\\\/photo-de-nuit\\\/\"},\"wordCount\":4901,\"publisher\":{\"@id\":\"https:\\\/\\\/blogphotographie.com\\\/#\\\/schema\\\/person\\\/5059e59b1012006c7ca43b6330053a01\"},\"image\":{\"@id\":\"https:\\\/\\\/blogphotographie.com\\\/photo-de-nuit\\\/#primaryimage\"},\"thumbnailUrl\":\"https:\\\/\\\/blogphotographie.com\\\/wp-content\\\/uploads\\\/photo-nuit-place-td-ottawa-scaled.jpg\",\"keywords\":[\"balance des blancs photo de nuit\",\"bruit num\u00e9rique photo de nuit\",\"heure bleue photo\",\"lumi\u00e8re artificielle photographie\",\"photo de nuit\",\"photographie de nuit\",\"photographier la lune\",\"pose longue de nuit\",\"RAW photo de nuit\",\"r\u00e9glages photo de nuit\",\"tr\u00e9pied photo de nuit\"],\"articleSection\":[\"L\u2019Intention\",\"La Lumi\u00e8re\"],\"inLanguage\":\"fr-FR\"},{\"@type\":\"WebPage\",\"@id\":\"https:\\\/\\\/blogphotographie.com\\\/photo-de-nuit\\\/\",\"url\":\"https:\\\/\\\/blogphotographie.com\\\/photo-de-nuit\\\/\",\"name\":\"Photo de nuit : lire la lumi\u00e8re pour r\u00e9ussir ses images quand le soleil a disparu - Blog photographie\",\"isPartOf\":{\"@id\":\"https:\\\/\\\/blogphotographie.com\\\/#website\"},\"primaryImageOfPage\":{\"@id\":\"https:\\\/\\\/blogphotographie.com\\\/photo-de-nuit\\\/#primaryimage\"},\"image\":{\"@id\":\"https:\\\/\\\/blogphotographie.com\\\/photo-de-nuit\\\/#primaryimage\"},\"thumbnailUrl\":\"https:\\\/\\\/blogphotographie.com\\\/wp-content\\\/uploads\\\/photo-nuit-place-td-ottawa-scaled.jpg\",\"datePublished\":\"2026-03-11T12:47:04+00:00\",\"dateModified\":\"2026-03-31T21:44:11+00:00\",\"description\":\"La photo de nuit, c'est d'abord une affaire de lumi\u00e8re, pas de r\u00e9glages. Apprends \u00e0 lire les 4 types de lumi\u00e8re nocturne pour mieux choisir tes param\u00e8tres.\",\"breadcrumb\":{\"@id\":\"https:\\\/\\\/blogphotographie.com\\\/photo-de-nuit\\\/#breadcrumb\"},\"inLanguage\":\"fr-FR\",\"potentialAction\":[{\"@type\":\"ReadAction\",\"target\":[\"https:\\\/\\\/blogphotographie.com\\\/photo-de-nuit\\\/\"]}]},{\"@type\":\"ImageObject\",\"inLanguage\":\"fr-FR\",\"@id\":\"https:\\\/\\\/blogphotographie.com\\\/photo-de-nuit\\\/#primaryimage\",\"url\":\"https:\\\/\\\/blogphotographie.com\\\/wp-content\\\/uploads\\\/photo-nuit-place-td-ottawa-scaled.jpg\",\"contentUrl\":\"https:\\\/\\\/blogphotographie.com\\\/wp-content\\\/uploads\\\/photo-nuit-place-td-ottawa-scaled.jpg\",\"width\":2560,\"height\":1440,\"caption\":\"photo-nuit-place-td-Ottawa\"},{\"@type\":\"BreadcrumbList\",\"@id\":\"https:\\\/\\\/blogphotographie.com\\\/photo-de-nuit\\\/#breadcrumb\",\"itemListElement\":[{\"@type\":\"ListItem\",\"position\":1,\"name\":\"Accueil\",\"item\":\"https:\\\/\\\/blogphotographie.com\\\/\"},{\"@type\":\"ListItem\",\"position\":2,\"name\":\"Photo de nuit : lire la lumi\u00e8re pour r\u00e9ussir ses images quand le soleil a disparu\"}]},{\"@type\":\"WebSite\",\"@id\":\"https:\\\/\\\/blogphotographie.com\\\/#website\",\"url\":\"https:\\\/\\\/blogphotographie.com\\\/\",\"name\":\"Blog photographie\",\"description\":\"Le Chemin Photographique \u2014 De l\u2019\u0152il \u00e0 l\u2019Image\",\"publisher\":{\"@id\":\"https:\\\/\\\/blogphotographie.com\\\/#\\\/schema\\\/person\\\/5059e59b1012006c7ca43b6330053a01\"},\"potentialAction\":[{\"@type\":\"SearchAction\",\"target\":{\"@type\":\"EntryPoint\",\"urlTemplate\":\"https:\\\/\\\/blogphotographie.com\\\/?s={search_term_string}\"},\"query-input\":{\"@type\":\"PropertyValueSpecification\",\"valueRequired\":true,\"valueName\":\"search_term_string\"}}],\"inLanguage\":\"fr-FR\"},{\"@type\":[\"Person\",\"Organization\"],\"@id\":\"https:\\\/\\\/blogphotographie.com\\\/#\\\/schema\\\/person\\\/5059e59b1012006c7ca43b6330053a01\",\"name\":\"Blog Photographie\",\"image\":{\"@type\":\"ImageObject\",\"inLanguage\":\"fr-FR\",\"@id\":\"https:\\\/\\\/blogphotographie.com\\\/wp-content\\\/uploads\\\/logo.png\",\"url\":\"https:\\\/\\\/blogphotographie.com\\\/wp-content\\\/uploads\\\/logo.png\",\"contentUrl\":\"https:\\\/\\\/blogphotographie.com\\\/wp-content\\\/uploads\\\/logo.png\",\"width\":800,\"height\":800,\"caption\":\"Blog Photographie\"},\"logo\":{\"@id\":\"https:\\\/\\\/blogphotographie.com\\\/wp-content\\\/uploads\\\/logo.png\"},\"sameAs\":[\"https:\\\/\\\/blogphotographie.com\",\"https:\\\/\\\/www.facebook.com\\\/leblogphotographie\",\"https:\\\/\\\/www.instagram.com\\\/leblogphotographie\",\"https:\\\/\\\/www.pinterest.ca\\\/sylvain_perrier\",\"https:\\\/\\\/x.com\\\/sylvainxperrier\",\"https:\\\/\\\/www.youtube.com\\\/user\\\/lencadreursylvain\",\"https:\\\/\\\/www.tumblr.com\\\/blog\\\/sylvainperrierfotografi\"]}]}<\/script>\n<!-- \/ Yoast SEO plugin. -->","yoast_head_json":{"title":"Photo de nuit : lire la lumi\u00e8re pour r\u00e9ussir ses images quand le soleil a disparu - Blog photographie","description":"La photo de nuit, c'est d'abord une affaire de lumi\u00e8re, pas de r\u00e9glages. Apprends \u00e0 lire les 4 types de lumi\u00e8re nocturne pour mieux choisir tes param\u00e8tres.","robots":{"index":"index","follow":"follow","max-snippet":"max-snippet:-1","max-image-preview":"max-image-preview:large","max-video-preview":"max-video-preview:-1"},"canonical":"https:\/\/blogphotographie.com\/fr_fr\/photo-de-nuit\/","og_locale":"fr_FR","og_type":"article","og_title":"Photo de nuit : lire la lumi\u00e8re pour r\u00e9ussir ses images quand le soleil a disparu - Blog photographie","og_description":"La photo de nuit, c'est d'abord une affaire de lumi\u00e8re, pas de r\u00e9glages. Apprends \u00e0 lire les 4 types de lumi\u00e8re nocturne pour mieux choisir tes param\u00e8tres.","og_url":"https:\/\/blogphotographie.com\/fr_fr\/photo-de-nuit\/","og_site_name":"Blog photographie","article_publisher":"https:\/\/www.facebook.com\/leblogphotographie","article_author":"https:\/\/www.facebook.com\/leblogphotographie","article_published_time":"2026-03-11T12:47:04+00:00","article_modified_time":"2026-03-31T21:44:11+00:00","og_image":[{"width":2560,"height":1440,"url":"https:\/\/blogphotographie.com\/wp-content\/uploads\/photo-nuit-place-td-ottawa-scaled.jpg","type":"image\/jpeg"}],"author":"Blog Photographie","twitter_card":"summary_large_image","twitter_creator":"@sylvainxperrier","twitter_site":"@sylvainxperrier","twitter_misc":{"\u00c9crit par":"Blog Photographie","Dur\u00e9e de lecture estim\u00e9e":"24 minutes"},"schema":{"@context":"https:\/\/schema.org","@graph":[{"@type":"Article","@id":"https:\/\/blogphotographie.com\/photo-de-nuit\/#article","isPartOf":{"@id":"https:\/\/blogphotographie.com\/photo-de-nuit\/"},"author":{"name":"Blog Photographie","@id":"https:\/\/blogphotographie.com\/#\/schema\/person\/5059e59b1012006c7ca43b6330053a01"},"headline":"Photo de nuit : lire la lumi\u00e8re pour r\u00e9ussir ses images quand le soleil a disparu","datePublished":"2026-03-11T12:47:04+00:00","dateModified":"2026-03-31T21:44:11+00:00","mainEntityOfPage":{"@id":"https:\/\/blogphotographie.com\/photo-de-nuit\/"},"wordCount":4901,"publisher":{"@id":"https:\/\/blogphotographie.com\/#\/schema\/person\/5059e59b1012006c7ca43b6330053a01"},"image":{"@id":"https:\/\/blogphotographie.com\/photo-de-nuit\/#primaryimage"},"thumbnailUrl":"https:\/\/blogphotographie.com\/wp-content\/uploads\/photo-nuit-place-td-ottawa-scaled.jpg","keywords":["balance des blancs photo de nuit","bruit num\u00e9rique photo de nuit","heure bleue photo","lumi\u00e8re artificielle photographie","photo de nuit","photographie de nuit","photographier la lune","pose longue de nuit","RAW photo de nuit","r\u00e9glages photo de nuit","tr\u00e9pied photo de nuit"],"articleSection":["L\u2019Intention","La Lumi\u00e8re"],"inLanguage":"fr-FR"},{"@type":"WebPage","@id":"https:\/\/blogphotographie.com\/photo-de-nuit\/","url":"https:\/\/blogphotographie.com\/photo-de-nuit\/","name":"Photo de nuit : lire la lumi\u00e8re pour r\u00e9ussir ses images quand le soleil a disparu - Blog photographie","isPartOf":{"@id":"https:\/\/blogphotographie.com\/#website"},"primaryImageOfPage":{"@id":"https:\/\/blogphotographie.com\/photo-de-nuit\/#primaryimage"},"image":{"@id":"https:\/\/blogphotographie.com\/photo-de-nuit\/#primaryimage"},"thumbnailUrl":"https:\/\/blogphotographie.com\/wp-content\/uploads\/photo-nuit-place-td-ottawa-scaled.jpg","datePublished":"2026-03-11T12:47:04+00:00","dateModified":"2026-03-31T21:44:11+00:00","description":"La photo de nuit, c'est d'abord une affaire de lumi\u00e8re, pas de r\u00e9glages. Apprends \u00e0 lire les 4 types de lumi\u00e8re nocturne pour mieux choisir tes param\u00e8tres.","breadcrumb":{"@id":"https:\/\/blogphotographie.com\/photo-de-nuit\/#breadcrumb"},"inLanguage":"fr-FR","potentialAction":[{"@type":"ReadAction","target":["https:\/\/blogphotographie.com\/photo-de-nuit\/"]}]},{"@type":"ImageObject","inLanguage":"fr-FR","@id":"https:\/\/blogphotographie.com\/photo-de-nuit\/#primaryimage","url":"https:\/\/blogphotographie.com\/wp-content\/uploads\/photo-nuit-place-td-ottawa-scaled.jpg","contentUrl":"https:\/\/blogphotographie.com\/wp-content\/uploads\/photo-nuit-place-td-ottawa-scaled.jpg","width":2560,"height":1440,"caption":"photo-nuit-place-td-Ottawa"},{"@type":"BreadcrumbList","@id":"https:\/\/blogphotographie.com\/photo-de-nuit\/#breadcrumb","itemListElement":[{"@type":"ListItem","position":1,"name":"Accueil","item":"https:\/\/blogphotographie.com\/"},{"@type":"ListItem","position":2,"name":"Photo de nuit : lire la lumi\u00e8re pour r\u00e9ussir ses images quand le soleil a disparu"}]},{"@type":"WebSite","@id":"https:\/\/blogphotographie.com\/#website","url":"https:\/\/blogphotographie.com\/","name":"Blog photographie","description":"Le Chemin Photographique \u2014 De l\u2019\u0152il \u00e0 l\u2019Image","publisher":{"@id":"https:\/\/blogphotographie.com\/#\/schema\/person\/5059e59b1012006c7ca43b6330053a01"},"potentialAction":[{"@type":"SearchAction","target":{"@type":"EntryPoint","urlTemplate":"https:\/\/blogphotographie.com\/?s={search_term_string}"},"query-input":{"@type":"PropertyValueSpecification","valueRequired":true,"valueName":"search_term_string"}}],"inLanguage":"fr-FR"},{"@type":["Person","Organization"],"@id":"https:\/\/blogphotographie.com\/#\/schema\/person\/5059e59b1012006c7ca43b6330053a01","name":"Blog Photographie","image":{"@type":"ImageObject","inLanguage":"fr-FR","@id":"https:\/\/blogphotographie.com\/wp-content\/uploads\/logo.png","url":"https:\/\/blogphotographie.com\/wp-content\/uploads\/logo.png","contentUrl":"https:\/\/blogphotographie.com\/wp-content\/uploads\/logo.png","width":800,"height":800,"caption":"Blog Photographie"},"logo":{"@id":"https:\/\/blogphotographie.com\/wp-content\/uploads\/logo.png"},"sameAs":["https:\/\/blogphotographie.com","https:\/\/www.facebook.com\/leblogphotographie","https:\/\/www.instagram.com\/leblogphotographie","https:\/\/www.pinterest.ca\/sylvain_perrier","https:\/\/x.com\/sylvainxperrier","https:\/\/www.youtube.com\/user\/lencadreursylvain","https:\/\/www.tumblr.com\/blog\/sylvainperrierfotografi"]}]}},"jetpack_featured_media_url":"https:\/\/blogphotographie.com\/wp-content\/uploads\/photo-nuit-place-td-ottawa-scaled.jpg","jetpack_sharing_enabled":true,"jetpack_likes_enabled":true,"_links":{"self":[{"href":"https:\/\/blogphotographie.com\/fr_fr\/wp-json\/wp\/v2\/posts\/9212","targetHints":{"allow":["GET"]}}],"collection":[{"href":"https:\/\/blogphotographie.com\/fr_fr\/wp-json\/wp\/v2\/posts"}],"about":[{"href":"https:\/\/blogphotographie.com\/fr_fr\/wp-json\/wp\/v2\/types\/post"}],"author":[{"embeddable":true,"href":"https:\/\/blogphotographie.com\/fr_fr\/wp-json\/wp\/v2\/users\/1"}],"replies":[{"embeddable":true,"href":"https:\/\/blogphotographie.com\/fr_fr\/wp-json\/wp\/v2\/comments?post=9212"}],"version-history":[{"count":3,"href":"https:\/\/blogphotographie.com\/fr_fr\/wp-json\/wp\/v2\/posts\/9212\/revisions"}],"predecessor-version":[{"id":9223,"href":"https:\/\/blogphotographie.com\/fr_fr\/wp-json\/wp\/v2\/posts\/9212\/revisions\/9223"}],"wp:featuredmedia":[{"embeddable":true,"href":"https:\/\/blogphotographie.com\/fr_fr\/wp-json\/wp\/v2\/media\/9222"}],"wp:attachment":[{"href":"https:\/\/blogphotographie.com\/fr_fr\/wp-json\/wp\/v2\/media?parent=9212"}],"wp:term":[{"taxonomy":"category","embeddable":true,"href":"https:\/\/blogphotographie.com\/fr_fr\/wp-json\/wp\/v2\/categories?post=9212"},{"taxonomy":"post_tag","embeddable":true,"href":"https:\/\/blogphotographie.com\/fr_fr\/wp-json\/wp\/v2\/tags?post=9212"}],"curies":[{"name":"wp","href":"https:\/\/api.w.org\/{rel}","templated":true}]}}