{"id":9165,"date":"2026-03-10T09:03:28","date_gmt":"2026-03-10T13:03:28","guid":{"rendered":"https:\/\/blogphotographie.com\/?p=9165"},"modified":"2026-03-31T17:44:21","modified_gmt":"2026-03-31T21:44:21","slug":"les-photons","status":"publish","type":"post","link":"https:\/\/blogphotographie.com\/fr_fr\/les-photons\/","title":{"rendered":"Les photons : la v\u00e9ritable mati\u00e8re premi\u00e8re de vos photos"},"content":{"rendered":"<p>Il y a une id\u00e9e que j&rsquo;aime r\u00e9p\u00e9ter \u00e0 mes \u00e9l\u00e8ves, parce qu&rsquo;elle change leur fa\u00e7on de voir avant m\u00eame de changer leurs r\u00e9glages, tu ne photographies pas des objets. Tu photographies des photons.<\/p>\n\n\n\n<p>Une for\u00eat, un visage, une rue mouill\u00e9e sous les n\u00e9ons. Tout ce que tu vois, tout ce que ton appareil enregistre, c&rsquo;est de la lumi\u00e8re. Pas les choses elles-m\u00eames. La lumi\u00e8re qui rebondit sur elles, qui les traverse, qui les r\u00e9v\u00e8le. Et cette lumi\u00e8re est faite de photons, des petites particules d&rsquo;\u00e9nergie qui voyagent depuis leur source jusqu&rsquo;\u00e0 ton capteur.<\/p>\n\n\n\n<p>Comprendre ce qu&rsquo;est un photon, c&rsquo;est comprendre pourquoi tes photos sont bruit\u00e9es dans l&rsquo;ombre, pourquoi monter l&rsquo;ISO ne cr\u00e9e pas de lumi\u00e8re, pourquoi le format RAW te donne plus de latitude, et pourquoi aucun logiciel ne peut recr\u00e9er ce que tu n&rsquo;as pas captur\u00e9. C&rsquo;est la racine de tout le reste.<\/p>\n\n\n<div class=\"wp-block-image\">\n<figure class=\"aligncenter size-full\"><img loading=\"lazy\" decoding=\"async\" width=\"2227\" height=\"1253\" data-attachment-id=\"9167\" data-permalink=\"https:\/\/blogphotographie.com\/fr_fr\/les-photons\/photons-lumiere-matiere-photographie\/\" data-orig-file=\"https:\/\/blogphotographie.com\/wp-content\/uploads\/photons-lumiere-matiere-photographie.jpg\" data-orig-size=\"2227,1253\" data-comments-opened=\"0\" data-image-meta=\"{&quot;aperture&quot;:&quot;10&quot;,&quot;credit&quot;:&quot;&quot;,&quot;camera&quot;:&quot;NIKON D300&quot;,&quot;caption&quot;:&quot;&quot;,&quot;created_timestamp&quot;:&quot;1317379699&quot;,&quot;copyright&quot;:&quot;&quot;,&quot;focal_length&quot;:&quot;18&quot;,&quot;iso&quot;:&quot;200&quot;,&quot;shutter_speed&quot;:&quot;0.0025&quot;,&quot;title&quot;:&quot;&quot;,&quot;orientation&quot;:&quot;0&quot;}\" data-image-title=\"photons-lumiere-matiere-photographie\" data-image-description=\"&lt;p&gt;photons-lumiere-matiere-photographie&lt;\/p&gt;\" data-image-caption=\"\" data-large-file=\"https:\/\/blogphotographie.com\/wp-content\/uploads\/photons-lumiere-matiere-photographie-1024x576.jpg\" src=\"https:\/\/blogphotographie.com\/wp-content\/uploads\/photons-lumiere-matiere-photographie.jpg\" alt=\"photons-lumiere-matiere-photographie\" class=\"wp-image-9167\" srcset=\"https:\/\/blogphotographie.com\/wp-content\/uploads\/photons-lumiere-matiere-photographie.jpg 2227w, https:\/\/blogphotographie.com\/wp-content\/uploads\/photons-lumiere-matiere-photographie-300x169.jpg 300w, https:\/\/blogphotographie.com\/wp-content\/uploads\/photons-lumiere-matiere-photographie-1024x576.jpg 1024w, https:\/\/blogphotographie.com\/wp-content\/uploads\/photons-lumiere-matiere-photographie-768x432.jpg 768w, https:\/\/blogphotographie.com\/wp-content\/uploads\/photons-lumiere-matiere-photographie-1536x864.jpg 1536w, https:\/\/blogphotographie.com\/wp-content\/uploads\/photons-lumiere-matiere-photographie-2048x1152.jpg 2048w, https:\/\/blogphotographie.com\/wp-content\/uploads\/photons-lumiere-matiere-photographie-18x10.jpg 18w\" sizes=\"auto, (max-width: 2227px) 100vw, 2227px\" \/><figcaption class=\"wp-element-caption\"><em><em>Rayon de lumi\u00e8re rendant les photons visibles \u00e0 travers la poussi\u00e8re en atelier<\/em> <em>La lumi\u00e8re devient visible lorsqu&rsquo;elle rencontre la mati\u00e8re. Ce sont ces photons que votre capteur capture.<\/em><\/em><\/figcaption><\/figure>\n<\/div>\n\n\n<h2 class=\"wp-block-heading\">Qu&rsquo;est-ce qu&rsquo;un photon<\/h2>\n\n\n\n<p>Un photon est une particule d&rsquo;\u00e9nergie lumineuse. C&rsquo;est l&rsquo;unit\u00e9 de base de la lumi\u00e8re. Quand tu allumes une lampe, des millions de photons sont \u00e9mis dans toutes les directions chaque seconde. Quand le soleil \u00e9claire un mur blanc, ce mur r\u00e9fl\u00e9chit des photons vers tout ce qui l&rsquo;entoure, y compris ton capteur si tu pointes ton appareil dans sa direction.<\/p>\n\n\n\n<p>Ce qui est important de comprendre, c&rsquo;est que les photons transportent de l&rsquo;\u00e9nergie. Cette \u00e9nergie varie selon la couleur de la lumi\u00e8re. Un photon bleu transporte plus d&rsquo;\u00e9nergie qu&rsquo;un photon rouge. C&rsquo;est cette diff\u00e9rence d&rsquo;\u00e9nergie que ton capteur va interpr\u00e9ter pour construire la couleur dans ton image.<\/p>\n\n\n\n<p>Les photons voyagent \u00e0 la vitesse de la lumi\u00e8re et ils n&rsquo;ont pas de masse. Ils sont purement de l&rsquo;\u00e9nergie en mouvement. Quand ils frappent une surface, soit ils sont absorb\u00e9s, soit ils sont r\u00e9fl\u00e9chis. Ton capteur est con\u00e7u pour les absorber et les transformer en signal \u00e9lectrique.<\/p>\n\n\n\n<p>Pas besoin de plonger dans la physique quantique pour saisir ce qui compte ici : plus il y a de photons qui atteignent ton capteur, plus tu as d&rsquo;information pour construire ton image. C&rsquo;est aussi simple que \u00e7a.<\/p>\n\n\n\n<h2 class=\"wp-block-heading\">La photographie est une capture de photons<\/h2>\n\n\n\n<h3 class=\"wp-block-heading\">Chaque pixel compte des photons<\/h3>\n\n\n\n<p>Ton capteur est compos\u00e9 de millions de photor\u00e9cepteurs minuscules, un par pixel. Chacun d&rsquo;eux a une seule fonction : compter les photons qui le frappent pendant la dur\u00e9e de l&rsquo;exposition.<\/p>\n\n\n\n<p>Pendant que ton obturateur est ouvert, les photons arrivent et frappent ces r\u00e9cepteurs. Un r\u00e9cepteur qui re\u00e7oit beaucoup de photons va produire un pixel lumineux. Un r\u00e9cepteur qui en re\u00e7oit peu va produire un pixel sombre. Un r\u00e9cepteur qui n&rsquo;en re\u00e7oit aucun sera compl\u00e8tement noir.<\/p>\n\n\n\n<p>C&rsquo;est aussi litt\u00e9ral que \u00e7a. Chaque pixel de ton image correspond \u00e0 un comptage de photons. La luminosit\u00e9, le contraste, les d\u00e9tails dans les ombres, tout \u00e7a d\u00e9coule directement du nombre de photons capt\u00e9s par chaque r\u00e9cepteur pendant l&rsquo;exposition.<\/p>\n\n\n\n<h3 class=\"wp-block-heading\">Le capteur transforme les photons en signal \u00e9lectrique<\/h3>\n\n\n\n<p>Quand un photon frappe un r\u00e9cepteur du capteur, il lib\u00e8re un \u00e9lectron par effet photo\u00e9lectrique. Cet \u00e9lectron s&rsquo;accumule avec les autres dans une petite cavit\u00e9 appel\u00e9e puits de potentiel. Plus de photons arrivent, plus d&rsquo;\u00e9lectrons s&rsquo;accumulent, plus le signal \u00e9lectrique sera fort.<\/p>\n\n\n\n<p>Ce signal \u00e9lectrique est ensuite amplifi\u00e9, converti en donn\u00e9es num\u00e9riques, et traduit en valeurs de pixels pour former ton image finale.<\/p>\n\n\n<div class=\"wp-block-image\">\n<figure class=\"aligncenter size-full\"><img loading=\"lazy\" decoding=\"async\" width=\"2560\" height=\"1120\" data-attachment-id=\"9168\" data-permalink=\"https:\/\/blogphotographie.com\/fr_fr\/les-photons\/schema-photons-capteur-formation-image\/\" data-orig-file=\"https:\/\/blogphotographie.com\/wp-content\/uploads\/schema-photons-capteur-formation-image-scaled.jpg\" data-orig-size=\"2560,1120\" data-comments-opened=\"0\" data-image-meta=\"{&quot;aperture&quot;:&quot;2&quot;,&quot;credit&quot;:&quot;Photographer:Bruno Parent&quot;,&quot;camera&quot;:&quot;Canon EOS 5D Mark II&quot;,&quot;caption&quot;:&quot;&quot;,&quot;created_timestamp&quot;:&quot;1368286069&quot;,&quot;copyright&quot;:&quot;&quot;,&quot;focal_length&quot;:&quot;135&quot;,&quot;iso&quot;:&quot;1000&quot;,&quot;shutter_speed&quot;:&quot;0.008&quot;,&quot;title&quot;:&quot;&quot;,&quot;orientation&quot;:&quot;0&quot;}\" data-image-title=\"schema-photons-capteur-formation-image\" data-image-description=\"&lt;p&gt;schema-photons-capteur-formation-image&lt;\/p&gt;\" data-image-caption=\"\" data-large-file=\"https:\/\/blogphotographie.com\/wp-content\/uploads\/schema-photons-capteur-formation-image-1024x448.jpg\" src=\"https:\/\/blogphotographie.com\/wp-content\/uploads\/schema-photons-capteur-formation-image-scaled.jpg\" alt=\"schema-photons-capteur-formation-image\" class=\"wp-image-9168\" srcset=\"https:\/\/blogphotographie.com\/wp-content\/uploads\/schema-photons-capteur-formation-image-scaled.jpg 2560w, https:\/\/blogphotographie.com\/wp-content\/uploads\/schema-photons-capteur-formation-image-300x131.jpg 300w, https:\/\/blogphotographie.com\/wp-content\/uploads\/schema-photons-capteur-formation-image-1024x448.jpg 1024w, https:\/\/blogphotographie.com\/wp-content\/uploads\/schema-photons-capteur-formation-image-768x336.jpg 768w, https:\/\/blogphotographie.com\/wp-content\/uploads\/schema-photons-capteur-formation-image-1536x672.jpg 1536w, https:\/\/blogphotographie.com\/wp-content\/uploads\/schema-photons-capteur-formation-image-2048x896.jpg 2048w, https:\/\/blogphotographie.com\/wp-content\/uploads\/schema-photons-capteur-formation-image-18x8.jpg 18w\" sizes=\"auto, (max-width: 2560px) 100vw, 2560px\" \/><figcaption class=\"wp-element-caption\"><em><em>Sch\u00e9ma illustrant le passage des photons au signal puis \u00e0 l&rsquo;image num\u00e9rique<\/em> <em>Du photon \u00e0 l&rsquo;image. La photographie est un processus de transformation de lumi\u00e8re en signal.<\/em><\/em><\/figcaption><\/figure>\n<\/div>\n\n\n<p>Ce sch\u00e9ma r\u00e9sume l&rsquo;essentiel du processus. La source lumineuse \u00e9met des photons. Le capteur les re\u00e7oit et les convertit en signal \u00e9lectrique. Ce signal devient une image num\u00e9rique. \u00c0 chaque \u00e9tape, l&rsquo;information vient des photons capt\u00e9s, pas des r\u00e9glages de l&rsquo;appareil.<\/p>\n\n\n\n<p>C&rsquo;est pourquoi la lumi\u00e8re r\u00e9elle, celle que tu vois et que tu choisis de capturer, reste irrempla\u00e7able. L&rsquo;outil traite ce que tu lui apportes. Il ne peut pas inventer ce qui n&rsquo;\u00e9tait pas l\u00e0.<\/p>\n\n\n\n<h2 class=\"wp-block-heading\">Moins de photons signifie plus de bruit<\/h2>\n\n\n\n<h3 class=\"wp-block-heading\">Le bruit n&rsquo;est pas cr\u00e9\u00e9 par l&rsquo;ISO<\/h3>\n\n\n\n<p>C&rsquo;est une des id\u00e9es re\u00e7ues les plus persistantes en photographie. Beaucoup de photographes croient que c&rsquo;est l&rsquo;ISO qui g\u00e9n\u00e8re le bruit. C&rsquo;est faux, ou du moins c&rsquo;est incomplet.<\/p>\n\n\n\n<p>L&rsquo;ISO amplifie un signal \u00e9lectrique d\u00e9j\u00e0 constitu\u00e9. Si ce signal est fort parce que beaucoup de photons ont \u00e9t\u00e9 capt\u00e9s, l&rsquo;amplification donne une image propre et d\u00e9taill\u00e9e. Si ce signal est faible parce que peu de photons ont atteint le capteur, l&rsquo;amplification grossit aussi tout ce qui perturbe ce signal, notamment le bruit \u00e9lectronique naturellement pr\u00e9sent dans les circuits.<\/p>\n\n\n\n<p>En d&rsquo;autres termes, le bruit r\u00e9v\u00e9l\u00e9 par un ISO \u00e9lev\u00e9 \u00e9tait d\u00e9j\u00e0 l\u00e0. L&rsquo;ISO ne l&rsquo;a pas cr\u00e9\u00e9, il l&rsquo;a rendu visible.<\/p>\n\n\n\n<p>Pour aller plus loin sur la relation entre ISO et amplification du signal, l&rsquo;article <a href=\"https:\/\/blogphotographie.com\/fr_fr\/invariance-iso\/\">Invariance ISO : comprendre pourquoi l&rsquo;ISO ne cr\u00e9e pas la lumi\u00e8re<\/a> approfondit ce m\u00e9canisme en d\u00e9tail.<\/p>\n\n\n\n<h3 class=\"wp-block-heading\">Le bruit vient du manque de signal<\/h3>\n\n\n\n<p>Quand peu de photons atteignent un r\u00e9cepteur, le signal \u00e9lectrique g\u00e9n\u00e9r\u00e9 est tr\u00e8s faible. Ce signal faible est difficile \u00e0 distinguer du bruit de fond \u00e9lectronique naturel du capteur, un bruit qui est toujours pr\u00e9sent, m\u00eame dans l&rsquo;obscurit\u00e9 totale. C&rsquo;est ce qu&rsquo;on appelle le bruit de lecture.<\/p>\n\n\n\n<p>Le r\u00e9sultat visible dans ton image, c&rsquo;est du grain dans les zones sombres. Les r\u00e9cepteurs qui ont re\u00e7u peu de photons ne peuvent pas produire une valeur fiable. L&rsquo;information manque, et ce manque se traduit par des variations al\u00e9atoires entre les pixels voisins, ce qu&rsquo;on per\u00e7oit comme du grain ou du bruit.<\/p>\n\n\n\n<figure class=\"wp-block-gallery has-nested-images columns-default is-cropped wp-block-gallery-1 is-layout-flex wp-block-gallery-is-layout-flex\">\n<figure class=\"wp-block-image size-large\"><img loading=\"lazy\" decoding=\"async\" width=\"1024\" height=\"274\" data-attachment-id=\"9169\" data-permalink=\"https:\/\/blogphotographie.com\/fr_fr\/les-photons\/manque-de-photons-bruit-photo-2\/\" data-orig-file=\"https:\/\/blogphotographie.com\/wp-content\/uploads\/manque-de-photons-bruit-photo-2-scaled.jpg\" data-orig-size=\"2560,686\" data-comments-opened=\"0\" data-image-meta=\"{&quot;aperture&quot;:&quot;2&quot;,&quot;credit&quot;:&quot;Photographer:Bruno Parent&quot;,&quot;camera&quot;:&quot;Canon EOS 5D Mark II&quot;,&quot;caption&quot;:&quot;&quot;,&quot;created_timestamp&quot;:&quot;1368286069&quot;,&quot;copyright&quot;:&quot;&quot;,&quot;focal_length&quot;:&quot;135&quot;,&quot;iso&quot;:&quot;1000&quot;,&quot;shutter_speed&quot;:&quot;0.008&quot;,&quot;title&quot;:&quot;&quot;,&quot;orientation&quot;:&quot;0&quot;}\" data-image-title=\"manque-de-photons-bruit-photo-2\" data-image-description=\"&lt;p&gt;manque-de-photons-bruit-photo&lt;\/p&gt;\" data-image-caption=\"&lt;p&gt;Bruit&lt;\/p&gt;\" data-large-file=\"https:\/\/blogphotographie.com\/wp-content\/uploads\/manque-de-photons-bruit-photo-2-1024x274.jpg\" data-id=\"9169\" src=\"https:\/\/blogphotographie.com\/wp-content\/uploads\/manque-de-photons-bruit-photo-2-1024x274.jpg\" alt=\"manque-de-photons-bruit-photo\" class=\"wp-image-9169\" srcset=\"https:\/\/blogphotographie.com\/wp-content\/uploads\/manque-de-photons-bruit-photo-2-1024x274.jpg 1024w, https:\/\/blogphotographie.com\/wp-content\/uploads\/manque-de-photons-bruit-photo-2-300x80.jpg 300w, https:\/\/blogphotographie.com\/wp-content\/uploads\/manque-de-photons-bruit-photo-2-768x206.jpg 768w, https:\/\/blogphotographie.com\/wp-content\/uploads\/manque-de-photons-bruit-photo-2-1536x412.jpg 1536w, https:\/\/blogphotographie.com\/wp-content\/uploads\/manque-de-photons-bruit-photo-2-2048x549.jpg 2048w, https:\/\/blogphotographie.com\/wp-content\/uploads\/manque-de-photons-bruit-photo-2-18x5.jpg 18w\" sizes=\"auto, (max-width: 1024px) 100vw, 1024px\" \/><\/figure>\n\n\n\n<figure class=\"wp-block-image size-large\"><img loading=\"lazy\" decoding=\"async\" width=\"1024\" height=\"274\" data-attachment-id=\"9170\" data-permalink=\"https:\/\/blogphotographie.com\/fr_fr\/les-photons\/manque-de-photons-bruit-photo-3\/\" data-orig-file=\"https:\/\/blogphotographie.com\/wp-content\/uploads\/manque-de-photons-bruit-photo-3-scaled.jpg\" data-orig-size=\"2560,686\" data-comments-opened=\"0\" data-image-meta=\"{&quot;aperture&quot;:&quot;2&quot;,&quot;credit&quot;:&quot;Photographer:Bruno Parent&quot;,&quot;camera&quot;:&quot;Canon EOS 5D Mark II&quot;,&quot;caption&quot;:&quot;&quot;,&quot;created_timestamp&quot;:&quot;1368286069&quot;,&quot;copyright&quot;:&quot;&quot;,&quot;focal_length&quot;:&quot;135&quot;,&quot;iso&quot;:&quot;1000&quot;,&quot;shutter_speed&quot;:&quot;0.008&quot;,&quot;title&quot;:&quot;&quot;,&quot;orientation&quot;:&quot;0&quot;}\" data-image-title=\"manque-de-photons-bruit-photo-3\" data-image-description=\"&lt;p&gt;manque-de-photons-bruit-photo&lt;\/p&gt;\" data-image-caption=\"&lt;p&gt;Bruit corrig\u00e9&lt;\/p&gt;\" data-large-file=\"https:\/\/blogphotographie.com\/wp-content\/uploads\/manque-de-photons-bruit-photo-3-1024x274.jpg\" data-id=\"9170\" src=\"https:\/\/blogphotographie.com\/wp-content\/uploads\/manque-de-photons-bruit-photo-3-1024x274.jpg\" alt=\"manque-de-photons-bruit-photo\" class=\"wp-image-9170\" srcset=\"https:\/\/blogphotographie.com\/wp-content\/uploads\/manque-de-photons-bruit-photo-3-1024x274.jpg 1024w, https:\/\/blogphotographie.com\/wp-content\/uploads\/manque-de-photons-bruit-photo-3-300x80.jpg 300w, https:\/\/blogphotographie.com\/wp-content\/uploads\/manque-de-photons-bruit-photo-3-768x206.jpg 768w, https:\/\/blogphotographie.com\/wp-content\/uploads\/manque-de-photons-bruit-photo-3-1536x412.jpg 1536w, https:\/\/blogphotographie.com\/wp-content\/uploads\/manque-de-photons-bruit-photo-3-2048x549.jpg 2048w, https:\/\/blogphotographie.com\/wp-content\/uploads\/manque-de-photons-bruit-photo-3-18x5.jpg 18w\" sizes=\"auto, (max-width: 1024px) 100vw, 1024px\" \/><\/figure>\n<figcaption class=\"blocks-gallery-caption wp-element-caption\"><em>Photo de gauche avec bruit <\/em>\u2190 \u25aa \u2192<em> photo de droite bruit corrig\u00e9<\/em><\/figcaption><\/figure>\n\n\n<div class=\"wp-block-image\">\n<figure class=\"aligncenter size-full\"><img loading=\"lazy\" decoding=\"async\" width=\"2560\" height=\"1707\" data-attachment-id=\"9171\" data-permalink=\"https:\/\/blogphotographie.com\/fr_fr\/les-photons\/manque-de-photons-bruit-photo\/\" data-orig-file=\"https:\/\/blogphotographie.com\/wp-content\/uploads\/manque-de-photons-bruit-photo-scaled.jpg\" data-orig-size=\"2560,1707\" data-comments-opened=\"0\" data-image-meta=\"{&quot;aperture&quot;:&quot;2&quot;,&quot;credit&quot;:&quot;Photographer:Bruno Parent&quot;,&quot;camera&quot;:&quot;Canon EOS 5D Mark II&quot;,&quot;caption&quot;:&quot;&quot;,&quot;created_timestamp&quot;:&quot;1368286069&quot;,&quot;copyright&quot;:&quot;&quot;,&quot;focal_length&quot;:&quot;135&quot;,&quot;iso&quot;:&quot;1000&quot;,&quot;shutter_speed&quot;:&quot;0.008&quot;,&quot;title&quot;:&quot;&quot;,&quot;orientation&quot;:&quot;0&quot;}\" data-image-title=\"manque-de-photons-bruit-photo\" data-image-description=\"&lt;p&gt;manque-de-photons-bruit-photo&lt;\/p&gt;\" data-image-caption=\"\" data-large-file=\"https:\/\/blogphotographie.com\/wp-content\/uploads\/manque-de-photons-bruit-photo-1024x683.jpg\" src=\"https:\/\/blogphotographie.com\/wp-content\/uploads\/manque-de-photons-bruit-photo-scaled.jpg\" alt=\"manque-de-photons-bruit-photo\" class=\"wp-image-9171\" srcset=\"https:\/\/blogphotographie.com\/wp-content\/uploads\/manque-de-photons-bruit-photo-scaled.jpg 2560w, https:\/\/blogphotographie.com\/wp-content\/uploads\/manque-de-photons-bruit-photo-300x200.jpg 300w, https:\/\/blogphotographie.com\/wp-content\/uploads\/manque-de-photons-bruit-photo-1024x683.jpg 1024w, https:\/\/blogphotographie.com\/wp-content\/uploads\/manque-de-photons-bruit-photo-768x512.jpg 768w, https:\/\/blogphotographie.com\/wp-content\/uploads\/manque-de-photons-bruit-photo-1536x1024.jpg 1536w, https:\/\/blogphotographie.com\/wp-content\/uploads\/manque-de-photons-bruit-photo-2048x1366.jpg 2048w, https:\/\/blogphotographie.com\/wp-content\/uploads\/manque-de-photons-bruit-photo-18x12.jpg 18w\" sizes=\"auto, (max-width: 2560px) 100vw, 2560px\" \/><figcaption class=\"wp-element-caption\"><em><em>Grain visible dans les zones sombres d&rsquo;une photo en basse lumi\u00e8re<\/em> <em>Dans les zones o\u00f9 peu de photons ont \u00e9t\u00e9 capt\u00e9s, le bruit appara\u00eet. Le logiciel peut l&rsquo;adoucir, mais il ne peut recr\u00e9er la lumi\u00e8re absente.<\/em><\/em><\/figcaption><\/figure>\n<\/div>\n\n\n<p>C&rsquo;est une limite physique, pas technologique. M\u00eame le meilleur capteur du monde ne peut pas extraire de l&rsquo;information d&rsquo;un signal quasi inexistant. La solution n&rsquo;est pas dans l&rsquo;appareil, elle est dans la lumi\u00e8re que tu choisis de capturer.<\/p>\n\n\n\n<h2 class=\"wp-block-heading\">Photons et plage dynamique<\/h2>\n\n\n\n<p>La plage dynamique d&rsquo;un capteur, c&rsquo;est sa capacit\u00e9 \u00e0 enregistrer \u00e0 la fois les zones tr\u00e8s lumineuses et les zones tr\u00e8s sombres d&rsquo;une sc\u00e8ne. Et cette capacit\u00e9 est directement li\u00e9e aux photons.<\/p>\n\n\n\n<p>Un r\u00e9cepteur du capteur a une capacit\u00e9 maximale : il peut contenir un certain nombre d&rsquo;\u00e9lectrons avant de d\u00e9border. Quand un r\u00e9cepteur d\u00e9borde, tous les photons suppl\u00e9mentaires sont perdus et le pixel devient blanc, sans d\u00e9tail. C&rsquo;est ce qu&rsquo;on appelle une haute lumi\u00e8re br\u00fbl\u00e9e.<\/p>\n\n\n\n<p>\u00c0 l&rsquo;autre extr\u00e9mit\u00e9, un r\u00e9cepteur qui re\u00e7oit trop peu de photons produit un signal trop faible pour \u00eatre fiable. C&rsquo;est l\u00e0 que le bruit appara\u00eet et que les d\u00e9tails dans les ombres disparaissent.<\/p>\n\n\n\n<p>La plage dynamique, c&rsquo;est donc l&rsquo;\u00e9cart entre ces deux limites : le moment o\u00f9 un r\u00e9cepteur commence \u00e0 capter suffisamment de photons pour produire un signal fiable, et le moment o\u00f9 il en re\u00e7oit tellement qu&rsquo;il d\u00e9borde. Plus cette plage est large, plus le capteur peut enregistrer de d\u00e9tails dans des sc\u00e8nes contrast\u00e9es. L&rsquo;article <a href=\"https:\/\/blogphotographie.com\/fr_fr\/la-plage-dynamique-en-photographie\/\">La Plage Dynamique en Photographie<\/a> explore en d\u00e9tail comment g\u00e9rer ces situations dans la pratique.<\/p>\n\n\n\n<p>Les capteurs hybrides r\u00e9cents ont une plage dynamique remarquable, ce qui te donne plus de flexibilit\u00e9 pour r\u00e9cup\u00e9rer des d\u00e9tails en post-traitement. Mais cette flexibilit\u00e9 a une limite claire : si les photons n&rsquo;\u00e9taient pas l\u00e0 au moment de la prise de vue, aucun logiciel ne peut les inventer.<\/p>\n\n\n\n<h2 class=\"wp-block-heading\">Pourquoi l&rsquo;ISO ne cr\u00e9e pas de lumi\u00e8re<\/h2>\n\n\n\n<p>On revient \u00e0 l&rsquo;essentiel. Monter l&rsquo;ISO, c&rsquo;est demander \u00e0 l&rsquo;\u00e9lectronique de ton appareil d&rsquo;amplifier le signal \u00e9lectrique d\u00e9j\u00e0 constitu\u00e9 par les photons capt\u00e9s. C&rsquo;est une amplification, pas une cr\u00e9ation.<\/p>\n\n\n\n<p>Si ton capteur a re\u00e7u beaucoup de photons, un ISO \u00e9lev\u00e9 amplifie un signal fort et produit une image lumineuse et relativement propre. Si ton capteur a re\u00e7u peu de photons, le m\u00eame ISO \u00e9lev\u00e9 amplifie un signal faible, avec tout ce que \u00e7a contient comme bruit \u00e9lectronique.<\/p>\n\n\n\n<p>L&rsquo;ISO est un outil au service de la lumi\u00e8re capt\u00e9e. Il ne compense pas la lumi\u00e8re absente. C&rsquo;est pourquoi toute d\u00e9cision d&rsquo;ISO devrait commencer par une lecture de la sc\u00e8ne. Combien de photons ma sc\u00e8ne produit-elle ? Combien est-ce que je veux en laisser entrer via l&rsquo;ouverture et la vitesse ? L&rsquo;ISO vient ensuite, pour ajuster l&rsquo;amplification en fonction de ce signal.<\/p>\n\n\n\n<p>Pour bien comprendre comment ouverture, vitesse et ISO s&rsquo;articulent autour de cette r\u00e9alit\u00e9, <a href=\"https:\/\/blogphotographie.com\/fr_fr\/maitrise-de-lexposition\/\">Ma\u00eetrise de l&rsquo;Exposition<\/a> est une lecture compl\u00e9mentaire directement utile.<\/p>\n\n\n\n<h2 class=\"wp-block-heading\">Photographier, c&rsquo;est chercher la lumi\u00e8re<\/h2>\n\n\n\n<p>Comprendre les photons change quelque chose de fondamental dans ta fa\u00e7on d&rsquo;aborder la photographie. Avant d&rsquo;ouvrir un menu, avant de r\u00e9gler quoi que ce soit, la vraie question est : est-ce qu&rsquo;il y a assez de photons dans cette sc\u00e8ne pour que mon capteur construise une image riche ?<\/p>\n\n\n\n<p>Cette question te pousse \u00e0 observer. \u00c0 chercher la lumi\u00e8re plut\u00f4t que de la subir. \u00c0 te d\u00e9placer pour trouver l&rsquo;angle o\u00f9 les photons tombent mieux sur ton sujet. \u00c0 attendre que la lumi\u00e8re change. \u00c0 utiliser une surface r\u00e9fl\u00e9chissante pour rediriger des photons vers une zone d&rsquo;ombre.<\/p>\n\n\n\n<p>Tout \u00e7a, c&rsquo;est du regard avant d&rsquo;\u00eatre de la technique. Et c&rsquo;est exactement ce que l&rsquo;article <a href=\"https:\/\/blogphotographie.com\/fr_fr\/voir-avant-de-capturer\/\">Voir Avant de Capturer<\/a> d\u00e9veloppe, cette posture d&rsquo;observation qui pr\u00e9c\u00e8de chaque bonne d\u00e9cision photographique.<\/p>\n\n\n\n<p>Les appareils hybrides modernes comptent les photons avec une pr\u00e9cision remarquable. Leurs capteurs ont un bruit de lecture tr\u00e8s faible, ce qui leur donne une grande latitude en basse lumi\u00e8re. Les outils d&rsquo;intelligence artificielle int\u00e9gr\u00e9s aux logiciels de post-traitement peuvent r\u00e9duire le bruit de fa\u00e7on efficace, r\u00e9cup\u00e9rant des images qui auraient \u00e9t\u00e9 difficiles \u00e0 exploiter avec les m\u00e9thodes classiques.<\/p>\n\n\n\n<p>Mais tout cela amplifie et am\u00e9liore ce qui a \u00e9t\u00e9 capt\u00e9. Aucun algorithme ne recr\u00e9e des photons absents. L&rsquo;IA travaille avec l&rsquo;information existante, elle ne la substitue pas.<\/p>\n\n\n\n<p>Ce qui ne change pas, c&rsquo;est le fondement. Ton capteur attend des photons. Ton r\u00f4le, c&rsquo;est de lui en amener suffisamment, au bon endroit, avec la bonne intention. Le reste d\u00e9coule de l\u00e0.<\/p>\n\n\n\n<p>Quand tu comprends \u00e7a, la photographie devient une conversation avec la lumi\u00e8re. Et cette conversation commence bien avant d&rsquo;appuyer sur le d\u00e9clencheur.<\/p>\n\n\n\n<p><strong>Liens connexes :<\/strong><\/p>\n\n\n\n<ul class=\"wp-block-list\">\n<li><a href=\"https:\/\/blogphotographie.com\/fr_fr\/la-lumiere-en-photographie\/\">La Lumi\u00e8re en Photographie<\/a><\/li>\n\n\n\n<li><a href=\"https:\/\/blogphotographie.com\/fr_fr\/lessentiel-sur-liso-en-photographie\/\">L&rsquo;Essentiel sur l&rsquo;ISO en photographie<\/a><\/li>\n\n\n\n<li><a href=\"https:\/\/blogphotographie.com\/fr_fr\/raw-ou-jpeg-pour-des-photos-sans-retouche\/\">RAW ou JPEG pour des photos sans retouche<\/a><\/li>\n\n\n\n<li><a href=\"https:\/\/blogphotographie.com\/fr_fr\/comprendre-la-mesure-de-la-lumiere-en-photographie\/\">Comprendre la Mesure de la Lumi\u00e8re en Photographie<\/a><\/li>\n\n\n\n<li><a href=\"https:\/\/blogphotographie.com\/fr_fr\/post-traitement-en-photographie\/\">Post-traitement en photographie<\/a><\/li>\n<\/ul>\n\n\n\n<figure class=\"wp-block-image size-full\"><img loading=\"lazy\" decoding=\"async\" width=\"1920\" height=\"237\" data-attachment-id=\"5579\" data-permalink=\"https:\/\/blogphotographie.com\/fr_fr\/modes-de-mesure-en-photographie\/faq\/\" data-orig-file=\"https:\/\/blogphotographie.com\/wp-content\/uploads\/faq.jpg\" data-orig-size=\"1920,237\" data-comments-opened=\"1\" data-image-meta=\"{&quot;aperture&quot;:&quot;0&quot;,&quot;credit&quot;:&quot;&quot;,&quot;camera&quot;:&quot;&quot;,&quot;caption&quot;:&quot;&quot;,&quot;created_timestamp&quot;:&quot;0&quot;,&quot;copyright&quot;:&quot;&quot;,&quot;focal_length&quot;:&quot;0&quot;,&quot;iso&quot;:&quot;0&quot;,&quot;shutter_speed&quot;:&quot;0&quot;,&quot;title&quot;:&quot;&quot;,&quot;orientation&quot;:&quot;0&quot;}\" data-image-title=\"faq\" data-image-description=\"\" data-image-caption=\"\" data-large-file=\"https:\/\/blogphotographie.com\/wp-content\/uploads\/faq.jpg\" src=\"https:\/\/blogphotographie.com\/wp-content\/uploads\/faq.jpg\" alt=\"\" class=\"wp-image-5579\" srcset=\"https:\/\/blogphotographie.com\/wp-content\/uploads\/faq.jpg 1920w, https:\/\/blogphotographie.com\/wp-content\/uploads\/faq-1225x151.jpg 1225w, https:\/\/blogphotographie.com\/wp-content\/uploads\/faq-768x95.jpg 768w, https:\/\/blogphotographie.com\/wp-content\/uploads\/faq-1536x189.jpg 1536w, https:\/\/blogphotographie.com\/wp-content\/uploads\/faq-2048x252.jpg 2048w, https:\/\/blogphotographie.com\/wp-content\/uploads\/faq-18x2.jpg 18w, https:\/\/blogphotographie.com\/wp-content\/uploads\/faq-335x41.jpg 335w, https:\/\/blogphotographie.com\/wp-content\/uploads\/faq-1050x129.jpg 1050w\" sizes=\"auto, (max-width: 1920px) 100vw, 1920px\" \/><\/figure>\n\n\n\n<h2 class=\"wp-block-heading\">FAQ \u2013 Les photons en photographie<\/h2>\n\n\n\n<p><strong>Qu&rsquo;est-ce qu&rsquo;un photon en photographie ?<\/strong> Un photon est une particule d&rsquo;\u00e9nergie lumineuse. C&rsquo;est l&rsquo;unit\u00e9 de base de la lumi\u00e8re. En photographie, chaque pixel de ton image est le r\u00e9sultat d&rsquo;un comptage de photons par un r\u00e9cepteur du capteur. Plus de photons capt\u00e9s donnent un signal fort et une image propre. Moins de photons capt\u00e9s donnent un signal faible et du bruit visible.<\/p>\n\n\n\n<p><strong>Pourquoi le manque de lumi\u00e8re cr\u00e9e-t-il du bruit ?<\/strong> Quand peu de photons atteignent un r\u00e9cepteur du capteur, le signal \u00e9lectrique g\u00e9n\u00e9r\u00e9 est tr\u00e8s faible et difficile \u00e0 distinguer du bruit de fond \u00e9lectronique naturel. Ce bruit de lecture est toujours pr\u00e9sent dans les circuits du capteur. Quand le signal utile est trop faible, ce bruit de fond prend de la place et cr\u00e9e le grain visible dans les zones sombres de tes images.<\/p>\n\n\n\n<p><strong>Le bruit vient-il de l&rsquo;ISO ?<\/strong> L&rsquo;ISO n&rsquo;est pas la source du bruit. Il amplifie un signal qui contient d\u00e9j\u00e0 du bruit. Quand ce signal est fort parce que beaucoup de photons ont \u00e9t\u00e9 capt\u00e9s, l&rsquo;amplification donne une image propre. Quand le signal est faible, l&rsquo;amplification grossit aussi le bruit \u00e9lectronique pr\u00e9sent. C&rsquo;est le manque de photons qui est la vraie cause, pas le chiffre ISO lui-m\u00eame.<\/p>\n\n\n\n<p><strong>Comment capter plus de photons ?<\/strong> Tu peux capter plus de photons en ouvrant davantage ton diaphragme, en allongeant ta vitesse d&rsquo;obturation, ou en te pla\u00e7ant mieux par rapport \u00e0 la source lumineuse. Repositionner ton sujet dans une zone mieux \u00e9clair\u00e9e, utiliser un r\u00e9flecteur pour rediriger la lumi\u00e8re disponible, ou attendre un meilleur moment de la journ\u00e9e sont toutes des fa\u00e7ons de maximiser les photons qui atteignent ton capteur.<\/p>\n\n\n\n<p><strong>Les logiciels peuvent-ils recr\u00e9er des photons manquants ?<\/strong> Non. Les outils de post-traitement, y compris ceux assist\u00e9s par intelligence artificielle, peuvent analyser les donn\u00e9es existantes et r\u00e9duire le bruit apparent de fa\u00e7on remarquablement efficace. Mais ils ne peuvent pas inventer de l&rsquo;information qui n&rsquo;a pas \u00e9t\u00e9 capt\u00e9e. Si une zone \u00e9tait tellement sombre que presque aucun photon n&rsquo;a frapp\u00e9 le capteur, aucun logiciel ne peut recr\u00e9er les d\u00e9tails absents. C&rsquo;est une limite physique, pas technologique.<\/p>\n\n\n\n<p><strong>Quel lien y a-t-il entre les photons et le format RAW ?<\/strong> Un fichier RAW contient l&rsquo;int\u00e9gralit\u00e9 des donn\u00e9es brutes capt\u00e9es par le capteur, y compris toute l&rsquo;information sur les photons re\u00e7us par chaque r\u00e9cepteur. Un fichier JPEG est d\u00e9j\u00e0 trait\u00e9 et compress\u00e9, ce qui r\u00e9duit la latitude de r\u00e9cup\u00e9ration. Travailler en RAW te donne acc\u00e8s \u00e0 tout ce que ton capteur a vraiment capt\u00e9, ce qui est essentiel pour tirer le maximum de chaque photon disponible, surtout en basse lumi\u00e8re.<\/p>\n\n\n\n<div class=\"article-signature\">\n    \u2014 Sylvain Perrier \u00b7 Photographe &#038; formateur  \n    <a href=\"https:\/\/academiephotographegatineau.com\/\" target=\"_blank\">\n        Acad\u00e9mie Photographe Gatineau\n    <\/a>\n<\/div>","protected":false},"excerpt":{"rendered":"<p>Tu ne photographies pas des objets. Tu photographies des photons. Cette phrase change tout. Comprendre ce qu&rsquo;est un photon et comment ton capteur le capte, c&rsquo;est comprendre pourquoi tes photos sont bruit\u00e9es, comment l&rsquo;ISO fonctionne vraiment, et ce que la lumi\u00e8re fait r\u00e9ellement \u00e0 l&rsquo;int\u00e9rieur de ton appareil.<\/p>","protected":false},"author":1,"featured_media":9171,"comment_status":"closed","ping_status":"closed","sticky":false,"template":"","format":"standard","meta":{"_kad_post_transparent":"","_kad_post_title":"","_kad_post_layout":"","_kad_post_sidebar_id":"","_kad_post_content_style":"","_kad_post_vertical_padding":"","_kad_post_feature":"","_kad_post_feature_position":"","_kad_post_header":false,"_kad_post_footer":false,"_kad_post_classname":"","jetpack_post_was_ever_published":false,"_jetpack_newsletter_access":"","_jetpack_dont_email_post_to_subs":false,"_jetpack_newsletter_tier_id":0,"_jetpack_memberships_contains_paywalled_content":false,"_jetpack_memberships_contains_paid_content":false,"footnotes":""},"categories":[2959],"tags":[189,2179,133,2186,3007,3008,3006,1830,2087,3005],"class_list":["post-9165","post","type-post","status-publish","format-standard","has-post-thumbnail","hentry","category-la-lumiere","tag-bruit-numerique","tag-capteur-photo","tag-exposition","tag-iso-photographie","tag-lumiere-et-photons","tag-manque-de-lumiere","tag-photons-photographie","tag-plage-dynamique","tag-raw-photographie","tag-signal-lumineux"],"yoast_head":"<!-- This site is optimized with the Yoast SEO plugin v27.4 - https:\/\/yoast.com\/product\/yoast-seo-wordpress\/ -->\n<title>Les photons : la v\u00e9ritable mati\u00e8re premi\u00e8re de vos photos - Blog photographie<\/title>\n<meta name=\"description\" content=\"La photographie est une capture de photons. Comprendre ce qu&#039;est un photon explique le bruit, l&#039;ISO, la plage dynamique et bien plus. D\u00e9couvre la base de tout.\" \/>\n<meta name=\"robots\" content=\"index, follow, max-snippet:-1, max-image-preview:large, max-video-preview:-1\" \/>\n<link rel=\"canonical\" href=\"https:\/\/blogphotographie.com\/fr_fr\/les-photons\/\" \/>\n<meta property=\"og:locale\" content=\"fr_FR\" \/>\n<meta property=\"og:type\" content=\"article\" \/>\n<meta property=\"og:title\" content=\"Les photons : la v\u00e9ritable mati\u00e8re premi\u00e8re de vos photos - Blog photographie\" \/>\n<meta property=\"og:description\" content=\"La photographie est une capture de photons. Comprendre ce qu&#039;est un photon explique le bruit, l&#039;ISO, la plage dynamique et bien plus. D\u00e9couvre la base de tout.\" \/>\n<meta property=\"og:url\" content=\"https:\/\/blogphotographie.com\/fr_fr\/les-photons\/\" \/>\n<meta property=\"og:site_name\" content=\"Blog photographie\" \/>\n<meta property=\"article:publisher\" content=\"https:\/\/www.facebook.com\/leblogphotographie\" \/>\n<meta property=\"article:author\" content=\"https:\/\/www.facebook.com\/leblogphotographie\" \/>\n<meta property=\"article:published_time\" content=\"2026-03-10T13:03:28+00:00\" \/>\n<meta property=\"article:modified_time\" content=\"2026-03-31T21:44:21+00:00\" \/>\n<meta property=\"og:image\" content=\"https:\/\/blogphotographie.com\/wp-content\/uploads\/manque-de-photons-bruit-photo-scaled.jpg\" \/>\n\t<meta property=\"og:image:width\" content=\"2560\" \/>\n\t<meta property=\"og:image:height\" content=\"1707\" \/>\n\t<meta property=\"og:image:type\" content=\"image\/jpeg\" \/>\n<meta name=\"author\" content=\"Blog Photographie\" \/>\n<meta name=\"twitter:card\" content=\"summary_large_image\" \/>\n<meta name=\"twitter:creator\" content=\"@sylvainxperrier\" \/>\n<meta name=\"twitter:site\" content=\"@sylvainxperrier\" \/>\n<meta name=\"twitter:label1\" content=\"\u00c9crit par\" \/>\n\t<meta name=\"twitter:data1\" content=\"Blog Photographie\" \/>\n\t<meta name=\"twitter:label2\" content=\"Dur\u00e9e de lecture estim\u00e9e\" \/>\n\t<meta name=\"twitter:data2\" content=\"13 minutes\" \/>\n<script type=\"application\/ld+json\" class=\"yoast-schema-graph\">{\"@context\":\"https:\\\/\\\/schema.org\",\"@graph\":[{\"@type\":\"Article\",\"@id\":\"https:\\\/\\\/blogphotographie.com\\\/les-photons\\\/#article\",\"isPartOf\":{\"@id\":\"https:\\\/\\\/blogphotographie.com\\\/les-photons\\\/\"},\"author\":{\"name\":\"Blog Photographie\",\"@id\":\"https:\\\/\\\/blogphotographie.com\\\/#\\\/schema\\\/person\\\/5059e59b1012006c7ca43b6330053a01\"},\"headline\":\"Les photons : la v\u00e9ritable mati\u00e8re premi\u00e8re de vos photos\",\"datePublished\":\"2026-03-10T13:03:28+00:00\",\"dateModified\":\"2026-03-31T21:44:21+00:00\",\"mainEntityOfPage\":{\"@id\":\"https:\\\/\\\/blogphotographie.com\\\/les-photons\\\/\"},\"wordCount\":2491,\"publisher\":{\"@id\":\"https:\\\/\\\/blogphotographie.com\\\/#\\\/schema\\\/person\\\/5059e59b1012006c7ca43b6330053a01\"},\"image\":{\"@id\":\"https:\\\/\\\/blogphotographie.com\\\/les-photons\\\/#primaryimage\"},\"thumbnailUrl\":\"https:\\\/\\\/blogphotographie.com\\\/wp-content\\\/uploads\\\/manque-de-photons-bruit-photo-scaled.jpg\",\"keywords\":[\"Bruit num\u00e9rique\",\"capteur photo\",\"Exposition\",\"ISO photographie\",\"lumi\u00e8re et photons\",\"manque de lumi\u00e8re\",\"photons photographie\",\"plage dynamique\",\"RAW photographie\",\"signal lumineux\"],\"articleSection\":[\"La Lumi\u00e8re\"],\"inLanguage\":\"fr-FR\"},{\"@type\":\"WebPage\",\"@id\":\"https:\\\/\\\/blogphotographie.com\\\/les-photons\\\/\",\"url\":\"https:\\\/\\\/blogphotographie.com\\\/les-photons\\\/\",\"name\":\"Les photons : la v\u00e9ritable mati\u00e8re premi\u00e8re de vos photos - Blog photographie\",\"isPartOf\":{\"@id\":\"https:\\\/\\\/blogphotographie.com\\\/#website\"},\"primaryImageOfPage\":{\"@id\":\"https:\\\/\\\/blogphotographie.com\\\/les-photons\\\/#primaryimage\"},\"image\":{\"@id\":\"https:\\\/\\\/blogphotographie.com\\\/les-photons\\\/#primaryimage\"},\"thumbnailUrl\":\"https:\\\/\\\/blogphotographie.com\\\/wp-content\\\/uploads\\\/manque-de-photons-bruit-photo-scaled.jpg\",\"datePublished\":\"2026-03-10T13:03:28+00:00\",\"dateModified\":\"2026-03-31T21:44:21+00:00\",\"description\":\"La photographie est une capture de photons. Comprendre ce qu'est un photon explique le bruit, l'ISO, la plage dynamique et bien plus. D\u00e9couvre la base de tout.\",\"breadcrumb\":{\"@id\":\"https:\\\/\\\/blogphotographie.com\\\/les-photons\\\/#breadcrumb\"},\"inLanguage\":\"fr-FR\",\"potentialAction\":[{\"@type\":\"ReadAction\",\"target\":[\"https:\\\/\\\/blogphotographie.com\\\/les-photons\\\/\"]}]},{\"@type\":\"ImageObject\",\"inLanguage\":\"fr-FR\",\"@id\":\"https:\\\/\\\/blogphotographie.com\\\/les-photons\\\/#primaryimage\",\"url\":\"https:\\\/\\\/blogphotographie.com\\\/wp-content\\\/uploads\\\/manque-de-photons-bruit-photo-scaled.jpg\",\"contentUrl\":\"https:\\\/\\\/blogphotographie.com\\\/wp-content\\\/uploads\\\/manque-de-photons-bruit-photo-scaled.jpg\",\"width\":2560,\"height\":1707,\"caption\":\"manque-de-photons-bruit-photo\"},{\"@type\":\"BreadcrumbList\",\"@id\":\"https:\\\/\\\/blogphotographie.com\\\/les-photons\\\/#breadcrumb\",\"itemListElement\":[{\"@type\":\"ListItem\",\"position\":1,\"name\":\"Accueil\",\"item\":\"https:\\\/\\\/blogphotographie.com\\\/\"},{\"@type\":\"ListItem\",\"position\":2,\"name\":\"Les photons : la v\u00e9ritable mati\u00e8re premi\u00e8re de vos photos\"}]},{\"@type\":\"WebSite\",\"@id\":\"https:\\\/\\\/blogphotographie.com\\\/#website\",\"url\":\"https:\\\/\\\/blogphotographie.com\\\/\",\"name\":\"Blog photographie\",\"description\":\"Le Chemin Photographique \u2014 De l\u2019\u0152il \u00e0 l\u2019Image\",\"publisher\":{\"@id\":\"https:\\\/\\\/blogphotographie.com\\\/#\\\/schema\\\/person\\\/5059e59b1012006c7ca43b6330053a01\"},\"potentialAction\":[{\"@type\":\"SearchAction\",\"target\":{\"@type\":\"EntryPoint\",\"urlTemplate\":\"https:\\\/\\\/blogphotographie.com\\\/?s={search_term_string}\"},\"query-input\":{\"@type\":\"PropertyValueSpecification\",\"valueRequired\":true,\"valueName\":\"search_term_string\"}}],\"inLanguage\":\"fr-FR\"},{\"@type\":[\"Person\",\"Organization\"],\"@id\":\"https:\\\/\\\/blogphotographie.com\\\/#\\\/schema\\\/person\\\/5059e59b1012006c7ca43b6330053a01\",\"name\":\"Blog Photographie\",\"image\":{\"@type\":\"ImageObject\",\"inLanguage\":\"fr-FR\",\"@id\":\"https:\\\/\\\/blogphotographie.com\\\/wp-content\\\/uploads\\\/logo.png\",\"url\":\"https:\\\/\\\/blogphotographie.com\\\/wp-content\\\/uploads\\\/logo.png\",\"contentUrl\":\"https:\\\/\\\/blogphotographie.com\\\/wp-content\\\/uploads\\\/logo.png\",\"width\":800,\"height\":800,\"caption\":\"Blog Photographie\"},\"logo\":{\"@id\":\"https:\\\/\\\/blogphotographie.com\\\/wp-content\\\/uploads\\\/logo.png\"},\"sameAs\":[\"https:\\\/\\\/blogphotographie.com\",\"https:\\\/\\\/www.facebook.com\\\/leblogphotographie\",\"https:\\\/\\\/www.instagram.com\\\/leblogphotographie\",\"https:\\\/\\\/www.pinterest.ca\\\/sylvain_perrier\",\"https:\\\/\\\/x.com\\\/sylvainxperrier\",\"https:\\\/\\\/www.youtube.com\\\/user\\\/lencadreursylvain\",\"https:\\\/\\\/www.tumblr.com\\\/blog\\\/sylvainperrierfotografi\"]}]}<\/script>\n<!-- \/ Yoast SEO plugin. -->","yoast_head_json":{"title":"Les photons : la v\u00e9ritable mati\u00e8re premi\u00e8re de vos photos - Blog photographie","description":"La photographie est une capture de photons. Comprendre ce qu'est un photon explique le bruit, l'ISO, la plage dynamique et bien plus. D\u00e9couvre la base de tout.","robots":{"index":"index","follow":"follow","max-snippet":"max-snippet:-1","max-image-preview":"max-image-preview:large","max-video-preview":"max-video-preview:-1"},"canonical":"https:\/\/blogphotographie.com\/fr_fr\/les-photons\/","og_locale":"fr_FR","og_type":"article","og_title":"Les photons : la v\u00e9ritable mati\u00e8re premi\u00e8re de vos photos - Blog photographie","og_description":"La photographie est une capture de photons. Comprendre ce qu'est un photon explique le bruit, l'ISO, la plage dynamique et bien plus. D\u00e9couvre la base de tout.","og_url":"https:\/\/blogphotographie.com\/fr_fr\/les-photons\/","og_site_name":"Blog photographie","article_publisher":"https:\/\/www.facebook.com\/leblogphotographie","article_author":"https:\/\/www.facebook.com\/leblogphotographie","article_published_time":"2026-03-10T13:03:28+00:00","article_modified_time":"2026-03-31T21:44:21+00:00","og_image":[{"width":2560,"height":1707,"url":"https:\/\/blogphotographie.com\/wp-content\/uploads\/manque-de-photons-bruit-photo-scaled.jpg","type":"image\/jpeg"}],"author":"Blog Photographie","twitter_card":"summary_large_image","twitter_creator":"@sylvainxperrier","twitter_site":"@sylvainxperrier","twitter_misc":{"\u00c9crit par":"Blog Photographie","Dur\u00e9e de lecture estim\u00e9e":"13 minutes"},"schema":{"@context":"https:\/\/schema.org","@graph":[{"@type":"Article","@id":"https:\/\/blogphotographie.com\/les-photons\/#article","isPartOf":{"@id":"https:\/\/blogphotographie.com\/les-photons\/"},"author":{"name":"Blog Photographie","@id":"https:\/\/blogphotographie.com\/#\/schema\/person\/5059e59b1012006c7ca43b6330053a01"},"headline":"Les photons : la v\u00e9ritable mati\u00e8re premi\u00e8re de vos photos","datePublished":"2026-03-10T13:03:28+00:00","dateModified":"2026-03-31T21:44:21+00:00","mainEntityOfPage":{"@id":"https:\/\/blogphotographie.com\/les-photons\/"},"wordCount":2491,"publisher":{"@id":"https:\/\/blogphotographie.com\/#\/schema\/person\/5059e59b1012006c7ca43b6330053a01"},"image":{"@id":"https:\/\/blogphotographie.com\/les-photons\/#primaryimage"},"thumbnailUrl":"https:\/\/blogphotographie.com\/wp-content\/uploads\/manque-de-photons-bruit-photo-scaled.jpg","keywords":["Bruit num\u00e9rique","capteur photo","Exposition","ISO photographie","lumi\u00e8re et photons","manque de lumi\u00e8re","photons photographie","plage dynamique","RAW photographie","signal lumineux"],"articleSection":["La Lumi\u00e8re"],"inLanguage":"fr-FR"},{"@type":"WebPage","@id":"https:\/\/blogphotographie.com\/les-photons\/","url":"https:\/\/blogphotographie.com\/les-photons\/","name":"Les photons : la v\u00e9ritable mati\u00e8re premi\u00e8re de vos photos - Blog photographie","isPartOf":{"@id":"https:\/\/blogphotographie.com\/#website"},"primaryImageOfPage":{"@id":"https:\/\/blogphotographie.com\/les-photons\/#primaryimage"},"image":{"@id":"https:\/\/blogphotographie.com\/les-photons\/#primaryimage"},"thumbnailUrl":"https:\/\/blogphotographie.com\/wp-content\/uploads\/manque-de-photons-bruit-photo-scaled.jpg","datePublished":"2026-03-10T13:03:28+00:00","dateModified":"2026-03-31T21:44:21+00:00","description":"La photographie est une capture de photons. Comprendre ce qu'est un photon explique le bruit, l'ISO, la plage dynamique et bien plus. D\u00e9couvre la base de tout.","breadcrumb":{"@id":"https:\/\/blogphotographie.com\/les-photons\/#breadcrumb"},"inLanguage":"fr-FR","potentialAction":[{"@type":"ReadAction","target":["https:\/\/blogphotographie.com\/les-photons\/"]}]},{"@type":"ImageObject","inLanguage":"fr-FR","@id":"https:\/\/blogphotographie.com\/les-photons\/#primaryimage","url":"https:\/\/blogphotographie.com\/wp-content\/uploads\/manque-de-photons-bruit-photo-scaled.jpg","contentUrl":"https:\/\/blogphotographie.com\/wp-content\/uploads\/manque-de-photons-bruit-photo-scaled.jpg","width":2560,"height":1707,"caption":"manque-de-photons-bruit-photo"},{"@type":"BreadcrumbList","@id":"https:\/\/blogphotographie.com\/les-photons\/#breadcrumb","itemListElement":[{"@type":"ListItem","position":1,"name":"Accueil","item":"https:\/\/blogphotographie.com\/"},{"@type":"ListItem","position":2,"name":"Les photons : la v\u00e9ritable mati\u00e8re premi\u00e8re de vos photos"}]},{"@type":"WebSite","@id":"https:\/\/blogphotographie.com\/#website","url":"https:\/\/blogphotographie.com\/","name":"Blog photographie","description":"Le Chemin Photographique \u2014 De l\u2019\u0152il \u00e0 l\u2019Image","publisher":{"@id":"https:\/\/blogphotographie.com\/#\/schema\/person\/5059e59b1012006c7ca43b6330053a01"},"potentialAction":[{"@type":"SearchAction","target":{"@type":"EntryPoint","urlTemplate":"https:\/\/blogphotographie.com\/?s={search_term_string}"},"query-input":{"@type":"PropertyValueSpecification","valueRequired":true,"valueName":"search_term_string"}}],"inLanguage":"fr-FR"},{"@type":["Person","Organization"],"@id":"https:\/\/blogphotographie.com\/#\/schema\/person\/5059e59b1012006c7ca43b6330053a01","name":"Blog Photographie","image":{"@type":"ImageObject","inLanguage":"fr-FR","@id":"https:\/\/blogphotographie.com\/wp-content\/uploads\/logo.png","url":"https:\/\/blogphotographie.com\/wp-content\/uploads\/logo.png","contentUrl":"https:\/\/blogphotographie.com\/wp-content\/uploads\/logo.png","width":800,"height":800,"caption":"Blog Photographie"},"logo":{"@id":"https:\/\/blogphotographie.com\/wp-content\/uploads\/logo.png"},"sameAs":["https:\/\/blogphotographie.com","https:\/\/www.facebook.com\/leblogphotographie","https:\/\/www.instagram.com\/leblogphotographie","https:\/\/www.pinterest.ca\/sylvain_perrier","https:\/\/x.com\/sylvainxperrier","https:\/\/www.youtube.com\/user\/lencadreursylvain","https:\/\/www.tumblr.com\/blog\/sylvainperrierfotografi"]}]}},"jetpack_featured_media_url":"https:\/\/blogphotographie.com\/wp-content\/uploads\/manque-de-photons-bruit-photo-scaled.jpg","jetpack_sharing_enabled":true,"jetpack_likes_enabled":true,"_links":{"self":[{"href":"https:\/\/blogphotographie.com\/fr_fr\/wp-json\/wp\/v2\/posts\/9165","targetHints":{"allow":["GET"]}}],"collection":[{"href":"https:\/\/blogphotographie.com\/fr_fr\/wp-json\/wp\/v2\/posts"}],"about":[{"href":"https:\/\/blogphotographie.com\/fr_fr\/wp-json\/wp\/v2\/types\/post"}],"author":[{"embeddable":true,"href":"https:\/\/blogphotographie.com\/fr_fr\/wp-json\/wp\/v2\/users\/1"}],"replies":[{"embeddable":true,"href":"https:\/\/blogphotographie.com\/fr_fr\/wp-json\/wp\/v2\/comments?post=9165"}],"version-history":[{"count":4,"href":"https:\/\/blogphotographie.com\/fr_fr\/wp-json\/wp\/v2\/posts\/9165\/revisions"}],"predecessor-version":[{"id":9176,"href":"https:\/\/blogphotographie.com\/fr_fr\/wp-json\/wp\/v2\/posts\/9165\/revisions\/9176"}],"wp:featuredmedia":[{"embeddable":true,"href":"https:\/\/blogphotographie.com\/fr_fr\/wp-json\/wp\/v2\/media\/9171"}],"wp:attachment":[{"href":"https:\/\/blogphotographie.com\/fr_fr\/wp-json\/wp\/v2\/media?parent=9165"}],"wp:term":[{"taxonomy":"category","embeddable":true,"href":"https:\/\/blogphotographie.com\/fr_fr\/wp-json\/wp\/v2\/categories?post=9165"},{"taxonomy":"post_tag","embeddable":true,"href":"https:\/\/blogphotographie.com\/fr_fr\/wp-json\/wp\/v2\/tags?post=9165"}],"curies":[{"name":"wp","href":"https:\/\/api.w.org\/{rel}","templated":true}]}}