{"id":9157,"date":"2026-03-10T09:03:13","date_gmt":"2026-03-10T13:03:13","guid":{"rendered":"https:\/\/blogphotographie.com\/?p=9157"},"modified":"2026-03-31T17:44:24","modified_gmt":"2026-03-31T21:44:24","slug":"invariance-iso","status":"publish","type":"post","link":"https:\/\/blogphotographie.com\/fr_fr\/invariance-iso\/","title":{"rendered":"Invariance ISO : comprendre pourquoi l&rsquo;ISO ne cr\u00e9e pas la lumi\u00e8re"},"content":{"rendered":"<p>Quand la lumi\u00e8re se fait rare, le premier r\u00e9flexe de beaucoup de photographes, c&rsquo;est de monter les ISO. Et souvent, ce geste s&rsquo;accompagne d&rsquo;une crainte : plus l&rsquo;ISO monte, plus la photo sera mauvaise. Comme si l&rsquo;ISO \u00e9tait responsable de tous les maux.<\/p>\n\n\n\n<p>La r\u00e9alit\u00e9 est plus nuanc\u00e9e que \u00e7a. L&rsquo;ISO n&rsquo;est pas une source de lumi\u00e8re. Il n&rsquo;invente rien. Il amplifie ce que ton capteur a d\u00e9j\u00e0 capt\u00e9. Cette distinction, en apparence petite, change compl\u00e8tement la fa\u00e7on dont tu devrais penser ton exposition en situation difficile.<\/p>\n\n\n\n<p>C&rsquo;est l\u00e0 qu&rsquo;entre en jeu le concept d&rsquo;invariance ISO. Un concept technique, oui, mais avec des cons\u00e9quences tr\u00e8s concr\u00e8tes sur le terrain.<\/p>\n\n\n<div class=\"wp-block-image\">\n<figure class=\"aligncenter size-full\"><img loading=\"lazy\" decoding=\"async\" width=\"2039\" height=\"1359\" data-attachment-id=\"9163\" data-permalink=\"https:\/\/blogphotographie.com\/fr_fr\/invariance-iso\/invariance-iso-basse-lumiere-reflets-nuit\/\" data-orig-file=\"https:\/\/blogphotographie.com\/wp-content\/uploads\/invariance-iso-basse-lumiere-reflets-nuit.jpg\" data-orig-size=\"2039,1359\" data-comments-opened=\"0\" data-image-meta=\"{&quot;aperture&quot;:&quot;1.7&quot;,&quot;credit&quot;:&quot;&quot;,&quot;camera&quot;:&quot;Pixel 8&quot;,&quot;caption&quot;:&quot;&quot;,&quot;created_timestamp&quot;:&quot;1772924378&quot;,&quot;copyright&quot;:&quot;&quot;,&quot;focal_length&quot;:&quot;6.9&quot;,&quot;iso&quot;:&quot;667&quot;,&quot;shutter_speed&quot;:&quot;0.01&quot;,&quot;title&quot;:&quot;&quot;,&quot;orientation&quot;:&quot;0&quot;}\" data-image-title=\"invariance-iso-basse-lumiere-reflets-nuit\" data-image-description=\"\" data-image-caption=\"\" data-large-file=\"https:\/\/blogphotographie.com\/wp-content\/uploads\/invariance-iso-basse-lumiere-reflets-nuit-1024x682.jpg\" src=\"https:\/\/blogphotographie.com\/wp-content\/uploads\/invariance-iso-basse-lumiere-reflets-nuit.jpg\" alt=\"invariance-iso-basse-lumiere-reflets-nuit\" class=\"wp-image-9163\" srcset=\"https:\/\/blogphotographie.com\/wp-content\/uploads\/invariance-iso-basse-lumiere-reflets-nuit.jpg 2039w, https:\/\/blogphotographie.com\/wp-content\/uploads\/invariance-iso-basse-lumiere-reflets-nuit-300x200.jpg 300w, https:\/\/blogphotographie.com\/wp-content\/uploads\/invariance-iso-basse-lumiere-reflets-nuit-1024x682.jpg 1024w, https:\/\/blogphotographie.com\/wp-content\/uploads\/invariance-iso-basse-lumiere-reflets-nuit-768x512.jpg 768w, https:\/\/blogphotographie.com\/wp-content\/uploads\/invariance-iso-basse-lumiere-reflets-nuit-1536x1024.jpg 1536w, https:\/\/blogphotographie.com\/wp-content\/uploads\/invariance-iso-basse-lumiere-reflets-nuit-18x12.jpg 18w\" sizes=\"auto, (max-width: 2039px) 100vw, 2039px\" \/><figcaption class=\"wp-element-caption\"><em>La lumi\u00e8re est rare, le contraste est fort. L\u2019ISO n\u2019ajoute pas de lumi\u00e8re, il amplifie ce que le capteur a d\u00e9j\u00e0 re\u00e7u.<\/em><\/figcaption><\/figure>\n<\/div>\n\n\n<h2 class=\"wp-block-heading\">L&rsquo;ISO ne cr\u00e9e pas la lumi\u00e8re, il amplifie un signal<\/h2>\n\n\n\n<h3 class=\"wp-block-heading\">Ce qui se passe r\u00e9ellement sur le capteur<\/h3>\n\n\n\n<p>Quand tu d\u00e9clenches, des photons frappent le capteur de ton appareil. Chaque photon g\u00e9n\u00e8re un \u00e9lectron. Ces \u00e9lectrons forment un signal \u00e9lectrique qui sera ensuite converti en donn\u00e9es num\u00e9riques pour produire ton image.<\/p>\n\n\n\n<p>La quantit\u00e9 de photons captur\u00e9s d\u00e9pend directement de l&rsquo;ouverture et de la vitesse d&rsquo;obturation. Ce sont eux qui contr\u00f4lent combien de lumi\u00e8re entre r\u00e9ellement dans l&rsquo;appareil. L&rsquo;ISO, lui, intervient apr\u00e8s. Il amplifie le signal \u00e9lectrique d\u00e9j\u00e0 constitu\u00e9.<\/p>\n\n\n\n<p>C&rsquo;est une diff\u00e9rence fondamentale. Si peu de photons ont frapp\u00e9 le capteur, monter l&rsquo;ISO va amplifier le signal, mais aussi tout ce qui accompagne ce signal, notamment le bruit. Tu ne r\u00e9cup\u00e8res pas de lumi\u00e8re absente. Tu grossis ce qui est l\u00e0, avec tout ce que \u00e7a comporte.<\/p>\n\n\n\n<h3 class=\"wp-block-heading\">Les diff\u00e9rentes sources de bruit<\/h3>\n\n\n\n<p>Pour comprendre l&rsquo;invariance ISO, il faut comprendre d&rsquo;o\u00f9 vient le bruit. Il y en a principalement trois types.<\/p>\n\n\n\n<p>Le bruit photonique est inh\u00e9rent \u00e0 la lumi\u00e8re elle-m\u00eame. M\u00eame dans des conditions parfaites, les photons n&rsquo;arrivent pas de fa\u00e7on parfaitement r\u00e9guli\u00e8re. Ce bruit est al\u00e9atoire et il est pr\u00e9sent quelle que soit la sensibilit\u00e9. Il est d&rsquo;autant plus perceptible que la lumi\u00e8re est faible, parce que le signal lui-m\u00eame est faible.<\/p>\n\n\n\n<p>Le bruit de lecture en amont survient lors de la conversion du signal \u00e9lectrique en donn\u00e9es num\u00e9riques. C&rsquo;est le bruit introduit par les circuits de l&rsquo;appareil pendant la lecture du capteur. Sur les appareils r\u00e9cents, ce bruit est devenu extr\u00eamement faible, ce qui est au c\u0153ur du concept d&rsquo;invariance ISO.<\/p>\n\n\n\n<p>Le bruit de lecture en aval, lui, appara\u00eet lors de l&rsquo;amplification num\u00e9rique des donn\u00e9es apr\u00e8s conversion. C&rsquo;est ce type de bruit qui entre en jeu quand tu \u00e9claircis une photo sous-expos\u00e9e en post-traitement.<\/p>\n\n\n\n<h2 class=\"wp-block-heading\">Amplification analogique vs amplification num\u00e9rique<\/h2>\n\n\n\n<h3 class=\"wp-block-heading\">Ce que fait l&rsquo;ISO dans l&rsquo;appareil<\/h3>\n\n\n\n<p>Quand tu montes l&rsquo;ISO sur ton appareil, tu demandes \u00e0 l&rsquo;\u00e9lectronique d&rsquo;amplifier le signal \u00e9lectrique avant qu&rsquo;il soit converti en donn\u00e9es num\u00e9riques. C&rsquo;est une amplification analogique. Elle se produit dans le capteur lui-m\u00eame, avant que les donn\u00e9es ne deviennent des pixels.<\/p>\n\n\n\n<p>Cette amplification analogique, bien r\u00e9alis\u00e9e sur un capteur de qualit\u00e9, peut donner de bons r\u00e9sultats parce qu&rsquo;elle amplifie le signal avec une relative pr\u00e9cision. Plus le bruit de lecture du capteur est faible, plus cette amplification est propre.<\/p>\n\n\n\n<h3 class=\"wp-block-heading\">Ce que fait le post-traitement<\/h3>\n\n\n\n<p>Quand tu r\u00e9cup\u00e8res une photo sous-expos\u00e9e en faisant glisser le curseur d&rsquo;exposition dans ton logiciel de traitement, tu fais une amplification num\u00e9rique. Tu multiplies les valeurs num\u00e9riques d\u00e9j\u00e0 converties. Si le bruit de lecture du capteur est faible, le r\u00e9sultat peut \u00eatre tr\u00e8s proche de ce qu&rsquo;aurait donn\u00e9 une amplification analogique \u00e0 ISO plus \u00e9lev\u00e9.<\/p>\n\n\n\n<p>C&rsquo;est l\u00e0 que l&rsquo;invariance ISO prend tout son sens.<\/p>\n\n\n<div class=\"wp-block-image\">\n<figure class=\"aligncenter size-full\"><img loading=\"lazy\" decoding=\"async\" width=\"2560\" height=\"1440\" data-attachment-id=\"9159\" data-permalink=\"https:\/\/blogphotographie.com\/fr_fr\/invariance-iso\/schema-invariance-iso-amplification-analogique-numerique\/\" data-orig-file=\"https:\/\/blogphotographie.com\/wp-content\/uploads\/schema-invariance-iso-amplification-analogique-numerique-scaled.jpg\" data-orig-size=\"2560,1440\" data-comments-opened=\"0\" data-image-meta=\"{&quot;aperture&quot;:&quot;2.2&quot;,&quot;credit&quot;:&quot;&quot;,&quot;camera&quot;:&quot;Pixel 8&quot;,&quot;caption&quot;:&quot;&quot;,&quot;created_timestamp&quot;:&quot;1753027324&quot;,&quot;copyright&quot;:&quot;&quot;,&quot;focal_length&quot;:&quot;1.95&quot;,&quot;iso&quot;:&quot;48&quot;,&quot;shutter_speed&quot;:&quot;0.00025641025641026&quot;,&quot;title&quot;:&quot;&quot;,&quot;orientation&quot;:&quot;0&quot;}\" data-image-title=\"schema-invariance-iso-amplification-analogique-numerique\" data-image-description=\"&lt;p&gt;schema-invariance-iso-amplification-analogique-numerique&lt;\/p&gt;\" data-image-caption=\"\" data-large-file=\"https:\/\/blogphotographie.com\/wp-content\/uploads\/schema-invariance-iso-amplification-analogique-numerique-1024x576.jpg\" src=\"https:\/\/blogphotographie.com\/wp-content\/uploads\/schema-invariance-iso-amplification-analogique-numerique-scaled.jpg\" alt=\"schema-invariance-iso-amplification-analogique-numerique\" class=\"wp-image-9159\" srcset=\"https:\/\/blogphotographie.com\/wp-content\/uploads\/schema-invariance-iso-amplification-analogique-numerique-scaled.jpg 2560w, https:\/\/blogphotographie.com\/wp-content\/uploads\/schema-invariance-iso-amplification-analogique-numerique-300x169.jpg 300w, https:\/\/blogphotographie.com\/wp-content\/uploads\/schema-invariance-iso-amplification-analogique-numerique-1024x576.jpg 1024w, https:\/\/blogphotographie.com\/wp-content\/uploads\/schema-invariance-iso-amplification-analogique-numerique-768x432.jpg 768w, https:\/\/blogphotographie.com\/wp-content\/uploads\/schema-invariance-iso-amplification-analogique-numerique-1536x864.jpg 1536w, https:\/\/blogphotographie.com\/wp-content\/uploads\/schema-invariance-iso-amplification-analogique-numerique-2048x1152.jpg 2048w, https:\/\/blogphotographie.com\/wp-content\/uploads\/schema-invariance-iso-amplification-analogique-numerique-18x10.jpg 18w\" sizes=\"auto, (max-width: 2560px) 100vw, 2560px\" \/><figcaption class=\"wp-element-caption\"><em>Le signal lumineux est amplifi\u00e9 une premi\u00e8re fois dans l\u2019appareil, puis peut \u00eatre amplifi\u00e9 \u00e0 nouveau en post-traitement. L\u2019invariance ISO d\u00e9pend du bruit ajout\u00e9 apr\u00e8s cette conversion.<\/em><\/figcaption><\/figure>\n<\/div>\n\n\n<h2 class=\"wp-block-heading\">Qu&rsquo;est-ce qu&rsquo;un appareil ISO invariant<\/h2>\n\n\n\n<p>Un appareil est dit ISO invariant quand son bruit de lecture est si faible que amplifier en post-traitement une image prise \u00e0 bas ISO donne un r\u00e9sultat pratiquement identique \u00e0 avoir pris cette m\u00eame image \u00e0 ISO \u00e9lev\u00e9 directement dans l&rsquo;appareil.<\/p>\n\n\n\n<p>En d&rsquo;autres termes, sur un appareil ISO invariant, tu peux sous-exposer volontairement en basse lumi\u00e8re, choisir un ISO bas pour pr\u00e9server les hautes lumi\u00e8res, puis r\u00e9cup\u00e9rer les ombres en post-traitement sans perte significative de qualit\u00e9. L&rsquo;amplification analogique ou num\u00e9rique donne sensiblement le m\u00eame r\u00e9sultat.<\/p>\n\n\n\n<p>Ce n&rsquo;est pas magique. \u00c7a repose sur la qualit\u00e9 du capteur et sur son niveau de bruit de lecture. La majorit\u00e9 des appareils hybrides actuels se rapprochent fortement de l&rsquo;invariance ISO, surtout \u00e0 leurs ISO natifs.<\/p>\n\n\n\n<h3 class=\"wp-block-heading\">Le r\u00f4le du bruit de lecture<\/h3>\n\n\n\n<p>Le bruit de lecture, c&rsquo;est le bruit \u00e9lectronique g\u00e9n\u00e9r\u00e9 par les circuits de l&rsquo;appareil ind\u00e9pendamment de la lumi\u00e8re. Un capteur avec un bruit de lecture \u00e9lev\u00e9 va ajouter du bruit parasite quelle que soit la quantit\u00e9 de lumi\u00e8re re\u00e7ue. Un capteur avec un bruit de lecture faible va rester propre m\u00eame quand tu amplifies un signal bas.<\/p>\n\n\n\n<p>C&rsquo;est ce niveau de bruit de lecture qui d\u00e9termine si un appareil est r\u00e9ellement ISO invariant ou non. Plus il est faible, plus tu as de flexibilit\u00e9 en post-traitement.<\/p>\n\n\n\n<h3 class=\"wp-block-heading\">ISO natif vs ISO \u00e9tendu<\/h3>\n\n\n\n<p>Chaque capteur a un ou deux ISO natifs : les sensibilit\u00e9s pour lesquelles il est con\u00e7u et optimis\u00e9. \u00c0 ces ISO, l&rsquo;amplification est la plus propre possible. Les ISO \u00e9tendus, souvent indiqu\u00e9s avec un L ou un H dans les menus, vont au-del\u00e0 de cette plage optimale.<\/p>\n\n\n\n<p>Et voil\u00e0 l&rsquo;information importante : les ISO \u00e9tendus ne sont qu&rsquo;une amplification num\u00e9rique appliqu\u00e9e en amont. Ils ne sollicitent pas davantage les circuits du capteur pour produire un meilleur signal. Ils multiplient simplement les donn\u00e9es existantes, avec les limites que \u00e7a comporte. ISO H2 ou H3 n&rsquo;apportent aucun gain r\u00e9el de qualit\u00e9 par rapport \u00e0 un ISO natif \u00e9clairci en post-traitement.<\/p>\n\n\n\n<h2 class=\"wp-block-heading\">Invariance ISO et plage dynamique<\/h2>\n\n\n\n<h3 class=\"wp-block-heading\">D\u00e9tail dans les ombres<\/h3>\n\n\n\n<p>Quand tu exposes correctement une sc\u00e8ne sombre, tu t&rsquo;assures que les zones les plus fonc\u00e9es captent suffisamment de <a href=\"https:\/\/blogphotographie.com\/fr_fr\/les-photons\/\">photons<\/a> pour contenir de l&rsquo;information r\u00e9elle. Si ces zones sont sous-expos\u00e9es, le signal y est tellement faible que le bruit de lecture va masquer les d\u00e9tails. M\u00eame une r\u00e9cup\u00e9ration en post-traitement ne pourra pas recr\u00e9er ce qui n&rsquo;a pas \u00e9t\u00e9 capt\u00e9. Lire l&rsquo;article : <a href=\"https:\/\/blogphotographie.com\/fr_fr\/les-photons\/\">Les photons : la v\u00e9ritable mati\u00e8re premi\u00e8re de vos photos <\/a>t&rsquo;aide \u00e0 comprendre que ce que c&rsquo;est des photons.<\/p>\n\n\n\n<p>C&rsquo;est pourquoi exposer suffisamment les ombres reste important, m\u00eame sur un capteur ISO invariant. L&rsquo;invariance te donne de la flexibilit\u00e9, pas de la magie.<\/p>\n\n\n\n<h3 class=\"wp-block-heading\">Pr\u00e9servation des hautes lumi\u00e8res<\/h3>\n\n\n\n<p>L&rsquo;autre c\u00f4t\u00e9 de l&rsquo;\u00e9quation, c&rsquo;est la pr\u00e9servation des hautes lumi\u00e8res. En sous-exposant l\u00e9g\u00e8rement, tu \u00e9vites de br\u00fbler les zones les plus lumineuses de ta sc\u00e8ne. Sur un capteur moderne \u00e0 faible bruit de lecture, cette l\u00e9g\u00e8re sous-exposition peut \u00eatre compens\u00e9e en post-traitement sans d\u00e9gradation notable. C&rsquo;est une strat\u00e9gie particuli\u00e8rement efficace dans les sc\u00e8nes \u00e0 fort contraste.<\/p>\n\n\n\n<p>L&rsquo;article <a href=\"https:\/\/blogphotographie.com\/fr_fr\/la-plage-dynamique-en-photographie\/\">La Plage Dynamique en Photographie<\/a> explore en d\u00e9tail comment g\u00e9rer ces situations o\u00f9 la plage de tons d\u00e9passe ce que le capteur peut enregistrer en une seule prise.<\/p>\n\n\n\n<h3 class=\"wp-block-heading\">Exposer pour la lumi\u00e8re, pas pour le chiffre ISO<\/h3>\n\n\n\n<p>C&rsquo;est le principe central. L&rsquo;ISO est un outil au service de ton exposition, pas une valeur \u00e0 minimiser \u00e0 tout prix. Si la sc\u00e8ne demande ISO 1600 pour \u00eatre correctement expos\u00e9e, ISO 1600 est le bon choix. Rester \u00e0 ISO 400 par peur du bruit et sous-exposer, sur un capteur peu performant, peut produire un r\u00e9sultat encore moins bon.<\/p>\n\n\n\n<p>Sur un capteur moderne ISO invariant, la strat\u00e9gie peut s&rsquo;inverser : sous-exposer l\u00e9g\u00e8rement \u00e0 bas ISO pour prot\u00e9ger les hautes lumi\u00e8res, puis r\u00e9cup\u00e9rer les ombres en post-traitement. Mais cette d\u00e9cision doit venir d&rsquo;une lecture de la sc\u00e8ne, pas d&rsquo;une peur automatique du chiffre.<\/p>\n\n\n\n<h2 class=\"wp-block-heading\">Comment utiliser l&rsquo;invariance ISO sur le terrain<\/h2>\n\n\n\n<h3 class=\"wp-block-heading\">Photographie de nuit<\/h3>\n\n\n\n<p>En photographie nocturne, l&rsquo;invariance ISO te permet de choisir tes r\u00e9glages en fonction de la lumi\u00e8re disponible et de l&rsquo;effet recherch\u00e9, sans \u00eatre paralys\u00e9 par la crainte du bruit. Si tu travailles avec un tr\u00e9pied et de longues expositions, un ISO bas avec une r\u00e9cup\u00e9ration en post-traitement peut donner un r\u00e9sultat tr\u00e8s propre. Si tu travailles \u00e0 main lev\u00e9e, monter l&rsquo;ISO pour garder une vitesse suffisante est souvent le meilleur choix.<\/p>\n\n\n\n<figure class=\"wp-block-gallery has-nested-images columns-default is-cropped wp-block-gallery-1 is-layout-flex wp-block-gallery-is-layout-flex\">\n<figure class=\"wp-block-image size-full\"><img loading=\"lazy\" decoding=\"async\" width=\"2560\" height=\"1436\" data-attachment-id=\"9161\" data-permalink=\"https:\/\/blogphotographie.com\/fr_fr\/invariance-iso\/comparaison-iso-sous-exposition-eclaircissement\/\" data-orig-file=\"https:\/\/blogphotographie.com\/wp-content\/uploads\/comparaison-iso-sous-exposition-eclaircissement-scaled.jpg\" data-orig-size=\"2560,1436\" data-comments-opened=\"0\" data-image-meta=\"{&quot;aperture&quot;:&quot;1.7&quot;,&quot;credit&quot;:&quot;&quot;,&quot;camera&quot;:&quot;Pixel 8&quot;,&quot;caption&quot;:&quot;&quot;,&quot;created_timestamp&quot;:&quot;1772925396&quot;,&quot;copyright&quot;:&quot;&quot;,&quot;focal_length&quot;:&quot;6.9&quot;,&quot;iso&quot;:&quot;264&quot;,&quot;shutter_speed&quot;:&quot;0.025&quot;,&quot;title&quot;:&quot;&quot;,&quot;orientation&quot;:&quot;0&quot;}\" data-image-title=\"comparaison-iso-sous-exposition-eclaircissement\" data-image-description=\"&lt;p&gt;comparaison-iso-sous-exposition-eclaircissement&lt;\/p&gt;\" data-image-caption=\"\" data-large-file=\"https:\/\/blogphotographie.com\/wp-content\/uploads\/comparaison-iso-sous-exposition-eclaircissement-1024x574.jpg\" data-id=\"9161\" src=\"https:\/\/blogphotographie.com\/wp-content\/uploads\/comparaison-iso-sous-exposition-eclaircissement-scaled.jpg\" alt=\"comparaison-iso-sous-exposition-eclaircissement\" class=\"wp-image-9161\" srcset=\"https:\/\/blogphotographie.com\/wp-content\/uploads\/comparaison-iso-sous-exposition-eclaircissement-scaled.jpg 2560w, https:\/\/blogphotographie.com\/wp-content\/uploads\/comparaison-iso-sous-exposition-eclaircissement-300x168.jpg 300w, https:\/\/blogphotographie.com\/wp-content\/uploads\/comparaison-iso-sous-exposition-eclaircissement-1024x574.jpg 1024w, https:\/\/blogphotographie.com\/wp-content\/uploads\/comparaison-iso-sous-exposition-eclaircissement-768x431.jpg 768w, https:\/\/blogphotographie.com\/wp-content\/uploads\/comparaison-iso-sous-exposition-eclaircissement-1536x861.jpg 1536w, https:\/\/blogphotographie.com\/wp-content\/uploads\/comparaison-iso-sous-exposition-eclaircissement-2048x1148.jpg 2048w, https:\/\/blogphotographie.com\/wp-content\/uploads\/comparaison-iso-sous-exposition-eclaircissement-18x10.jpg 18w\" sizes=\"auto, (max-width: 2560px) 100vw, 2560px\" \/><\/figure>\n\n\n\n<figure class=\"wp-block-image size-large\"><img loading=\"lazy\" decoding=\"async\" width=\"1024\" height=\"574\" data-attachment-id=\"9160\" data-permalink=\"https:\/\/blogphotographie.com\/fr_fr\/invariance-iso\/comparaison-iso-sous-exposition-eclaircissement-1\/\" data-orig-file=\"https:\/\/blogphotographie.com\/wp-content\/uploads\/comparaison-iso-sous-exposition-eclaircissement-1-scaled.jpg\" data-orig-size=\"2560,1436\" data-comments-opened=\"0\" data-image-meta=\"{&quot;aperture&quot;:&quot;1.7&quot;,&quot;credit&quot;:&quot;&quot;,&quot;camera&quot;:&quot;Pixel 8&quot;,&quot;caption&quot;:&quot;&quot;,&quot;created_timestamp&quot;:&quot;1772925396&quot;,&quot;copyright&quot;:&quot;&quot;,&quot;focal_length&quot;:&quot;6.9&quot;,&quot;iso&quot;:&quot;264&quot;,&quot;shutter_speed&quot;:&quot;0.025&quot;,&quot;title&quot;:&quot;&quot;,&quot;orientation&quot;:&quot;0&quot;}\" data-image-title=\"comparaison-iso-sous-exposition-eclaircissement-1\" data-image-description=\"&lt;p&gt;comparaison-iso-sous-exposition-eclaircissement&lt;\/p&gt;\" data-image-caption=\"\" data-large-file=\"https:\/\/blogphotographie.com\/wp-content\/uploads\/comparaison-iso-sous-exposition-eclaircissement-1-1024x574.jpg\" data-id=\"9160\" src=\"https:\/\/blogphotographie.com\/wp-content\/uploads\/comparaison-iso-sous-exposition-eclaircissement-1-1024x574.jpg\" alt=\"comparaison-iso-sous-exposition-eclaircissement\" class=\"wp-image-9160\" srcset=\"https:\/\/blogphotographie.com\/wp-content\/uploads\/comparaison-iso-sous-exposition-eclaircissement-1-1024x574.jpg 1024w, https:\/\/blogphotographie.com\/wp-content\/uploads\/comparaison-iso-sous-exposition-eclaircissement-1-300x168.jpg 300w, https:\/\/blogphotographie.com\/wp-content\/uploads\/comparaison-iso-sous-exposition-eclaircissement-1-768x431.jpg 768w, https:\/\/blogphotographie.com\/wp-content\/uploads\/comparaison-iso-sous-exposition-eclaircissement-1-1536x861.jpg 1536w, https:\/\/blogphotographie.com\/wp-content\/uploads\/comparaison-iso-sous-exposition-eclaircissement-1-2048x1148.jpg 2048w, https:\/\/blogphotographie.com\/wp-content\/uploads\/comparaison-iso-sous-exposition-eclaircissement-1-18x10.jpg 18w\" sizes=\"auto, (max-width: 1024px) 100vw, 1024px\" \/><\/figure>\n<figcaption class=\"blocks-gallery-caption wp-element-caption\"><em>Deux approches diff\u00e9rentes, un r\u00e9sultat souvent tr\u00e8s proche sur un capteur moderne \u00e0 faible bruit de lecture. Ce n\u2019est pas l\u2019ISO qui cr\u00e9e le bruit, c\u2019est le manque de lumi\u00e8re.<\/em><\/figcaption><\/figure>\n\n\n\n<h3 class=\"wp-block-heading\">Longues expositions<\/h3>\n\n\n\n<p>Pour les poses longues, l&rsquo;ISO bas est naturellement favoris\u00e9. Le capteur int\u00e8gre la lumi\u00e8re sur une longue dur\u00e9e, ce qui augmente le signal capt\u00e9 sans augmenter l&rsquo;amplification. Le bruit photonique reste pr\u00e9sent, mais le bruit de lecture devient n\u00e9gligeable. C&rsquo;est une des situations o\u00f9 l&rsquo;invariance ISO joue pleinement en ta faveur.<\/p>\n\n\n\n<h3 class=\"wp-block-heading\">Sc\u00e8nes \u00e0 fort contraste<\/h3>\n\n\n\n<p>Dans une sc\u00e8ne o\u00f9 les hautes lumi\u00e8res risquent de br\u00fbler mais o\u00f9 les ombres sont importantes, sous-exposer l\u00e9g\u00e8rement \u00e0 un ISO mod\u00e9r\u00e9, puis r\u00e9cup\u00e9rer en post-traitement, peut \u00eatre une strat\u00e9gie efficace. L&rsquo;histogramme en temps r\u00e9el de ton hybride te montre imm\u00e9diatement si tes hautes lumi\u00e8res d\u00e9bordent. L&rsquo;article <a href=\"https:\/\/blogphotographie.com\/fr_fr\/comprendre-et-utiliser-lhistogramme\/\">Comprendre et Utiliser l&rsquo;Histogramme<\/a> t&rsquo;explique comment lire et utiliser cet outil efficacement.<\/p>\n\n\n\n<h3 class=\"wp-block-heading\">Importance du format RAW<\/h3>\n\n\n\n<p>Tout ce dont on parle ici s&rsquo;applique exclusivement au format RAW. Un fichier JPEG est d\u00e9j\u00e0 trait\u00e9 et compress\u00e9 par l&rsquo;appareil au moment de la prise de vue. La flexibilit\u00e9 de r\u00e9cup\u00e9ration est tr\u00e8s limit\u00e9e. Un fichier RAW contient l&rsquo;int\u00e9gralit\u00e9 des donn\u00e9es brutes du capteur, ce qui te donne toute la latitude n\u00e9cessaire pour appliquer une strat\u00e9gie d&rsquo;exposition bas\u00e9e sur l&rsquo;invariance ISO.<\/p>\n\n\n\n<p>C&rsquo;est une des raisons concr\u00e8tes de shooter en RAW, au-del\u00e0 de la simple habitude ou de la mode. Pour comprendre l&rsquo;ensemble du sujet, <a href=\"https:\/\/blogphotographie.com\/fr_fr\/raw-ou-jpeg-pour-des-photos-sans-retouche\/\">RAW ou JPEG pour des photos sans retouche<\/a> couvre les diff\u00e9rences fondamentales entre les deux formats.<\/p>\n\n\n\n<h2 class=\"wp-block-heading\">Les limites du concept<\/h2>\n\n\n\n<h3 class=\"wp-block-heading\">Toutes les cam\u00e9ras ne sont pas \u00e9gales<\/h3>\n\n\n\n<p>L&rsquo;invariance ISO n&rsquo;est pas une caract\u00e9ristique universelle. Elle d\u00e9pend directement de la qualit\u00e9 du capteur et de son niveau de bruit de lecture. Les appareils d&rsquo;entr\u00e9e de gamme, les capteurs plus anciens ou les petits capteurs de smartphones ont g\u00e9n\u00e9ralement un bruit de lecture plus \u00e9lev\u00e9. Sur ces appareils, la diff\u00e9rence entre amplifier \u00e0 l&rsquo;appareil et r\u00e9cup\u00e9rer en post-traitement peut \u00eatre significative.<\/p>\n\n\n\n<p>Avant d&rsquo;adopter une strat\u00e9gie bas\u00e9e sur l&rsquo;invariance ISO, il vaut la peine de tester ton appareil sp\u00e9cifiquement : une photo \u00e0 bas ISO sous-expos\u00e9e de deux ou trois stops, r\u00e9cup\u00e9r\u00e9e en post-traitement, compar\u00e9e \u00e0 une photo expos\u00e9e directement \u00e0 l&rsquo;ISO correspondant. Si les r\u00e9sultats sont proches, ton capteur est suffisamment ISO invariant pour que la strat\u00e9gie soit valable.<\/p>\n\n\n\n<h3 class=\"wp-block-heading\">L&rsquo;invariance n&rsquo;est jamais parfaite<\/h3>\n\n\n\n<p>M\u00eame les meilleurs capteurs actuels ne sont pas parfaitement ISO invariants sur toute leur plage de sensibilit\u00e9s. Il existe toujours une l\u00e9g\u00e8re diff\u00e9rence, souvent perceptible \u00e0 des amplifications tr\u00e8s importantes. L&rsquo;invariance ISO est un concept de degr\u00e9, pas un absolu. Elle d\u00e9signe le fait que la diff\u00e9rence est n\u00e9gligeable dans des conditions normales, pas qu&rsquo;elle est nulle.<\/p>\n\n\n\n<h3 class=\"wp-block-heading\">L&rsquo;IA am\u00e9liore le bruit mais ne recr\u00e9e pas l&rsquo;information perdue<\/h3>\n\n\n\n<p>Les outils de r\u00e9duction de bruit assist\u00e9s par intelligence artificielle disponibles dans les logiciels de traitement actuels sont remarquablement efficaces. Ils peuvent r\u00e9cup\u00e9rer des images qui auraient \u00e9t\u00e9 inexploitables avec les m\u00e9thodes classiques. Mais ils ont une limite claire : ils ne peuvent pas recr\u00e9er de l&rsquo;information qui n&rsquo;a pas \u00e9t\u00e9 capt\u00e9e.<\/p>\n\n\n\n<p>Si une zone est tellement sous-expos\u00e9e que les photons n&rsquo;y ont presque pas laiss\u00e9 de trace, aucun algorithme ne peut inventer ce qui manque. L&rsquo;IA am\u00e9liore ce qui est l\u00e0, elle ne substitue pas \u00e0 la lumi\u00e8re absente. C&rsquo;est le m\u00eame principe qui guide toute la philosophie du Chemin Photographique : l&rsquo;outil sert la lumi\u00e8re capt\u00e9e, il ne la remplace pas.<\/p>\n\n\n\n<p>Pour aller plus loin sur l&rsquo;int\u00e9gration de ces outils dans ton flux de travail, l&rsquo;article <a href=\"https:\/\/blogphotographie.com\/fr_fr\/post-traitement-en-photographie\/\">Post-traitement en photographie<\/a> offre un bon point d&rsquo;entr\u00e9e.<\/p>\n\n\n\n<p><strong>Liens connexes :<\/strong><\/p>\n\n\n\n<ul class=\"wp-block-list\">\n<li><a href=\"https:\/\/blogphotographie.com\/fr_fr\/lessentiel-sur-liso-en-photographie\/\">L&rsquo;Essentiel sur l&rsquo;ISO en photographie<\/a><\/li>\n\n\n\n<li><a href=\"https:\/\/blogphotographie.com\/fr_fr\/osez-monter-les-iso-sans-crainte\/\">Osez Monter les ISO sans Crainte<\/a><\/li>\n\n\n\n<li><a href=\"https:\/\/blogphotographie.com\/fr_fr\/maitrise-de-lexposition\/\">Ma\u00eetrise de l&rsquo;Exposition<\/a><\/li>\n\n\n\n<li><a href=\"https:\/\/blogphotographie.com\/fr_fr\/comprendre-et-maitriser-le-triangle-dexposition\/\">Comprendre et ma\u00eetriser le triangle d&rsquo;exposition<\/a><\/li>\n<\/ul>\n\n\n\n<figure class=\"wp-block-image size-full\"><img loading=\"lazy\" decoding=\"async\" width=\"1920\" height=\"237\" data-attachment-id=\"5579\" data-permalink=\"https:\/\/blogphotographie.com\/fr_fr\/modes-de-mesure-en-photographie\/faq\/\" data-orig-file=\"https:\/\/blogphotographie.com\/wp-content\/uploads\/faq.jpg\" data-orig-size=\"1920,237\" data-comments-opened=\"1\" data-image-meta=\"{&quot;aperture&quot;:&quot;0&quot;,&quot;credit&quot;:&quot;&quot;,&quot;camera&quot;:&quot;&quot;,&quot;caption&quot;:&quot;&quot;,&quot;created_timestamp&quot;:&quot;0&quot;,&quot;copyright&quot;:&quot;&quot;,&quot;focal_length&quot;:&quot;0&quot;,&quot;iso&quot;:&quot;0&quot;,&quot;shutter_speed&quot;:&quot;0&quot;,&quot;title&quot;:&quot;&quot;,&quot;orientation&quot;:&quot;0&quot;}\" data-image-title=\"faq\" data-image-description=\"\" data-image-caption=\"\" data-large-file=\"https:\/\/blogphotographie.com\/wp-content\/uploads\/faq.jpg\" src=\"https:\/\/blogphotographie.com\/wp-content\/uploads\/faq.jpg\" alt=\"\" class=\"wp-image-5579\" srcset=\"https:\/\/blogphotographie.com\/wp-content\/uploads\/faq.jpg 1920w, https:\/\/blogphotographie.com\/wp-content\/uploads\/faq-1225x151.jpg 1225w, https:\/\/blogphotographie.com\/wp-content\/uploads\/faq-768x95.jpg 768w, https:\/\/blogphotographie.com\/wp-content\/uploads\/faq-1536x189.jpg 1536w, https:\/\/blogphotographie.com\/wp-content\/uploads\/faq-2048x252.jpg 2048w, https:\/\/blogphotographie.com\/wp-content\/uploads\/faq-18x2.jpg 18w, https:\/\/blogphotographie.com\/wp-content\/uploads\/faq-335x41.jpg 335w, https:\/\/blogphotographie.com\/wp-content\/uploads\/faq-1050x129.jpg 1050w\" sizes=\"auto, (max-width: 1920px) 100vw, 1920px\" \/><\/figure>\n\n\n\n<h2 class=\"wp-block-heading\">FAQ \u2013 Invariance ISO<\/h2>\n\n\n\n<p><strong>Qu&rsquo;est-ce que l&rsquo;invariance ISO en photographie ?<\/strong> L&rsquo;invariance ISO d\u00e9signe la capacit\u00e9 d&rsquo;un capteur \u00e0 produire un r\u00e9sultat pratiquement identique qu&rsquo;on amplifie le signal \u00e0 l&rsquo;appareil via l&rsquo;ISO ou qu&rsquo;on \u00e9claircisse une image sous-expos\u00e9e en post-traitement. Elle est rendue possible par un tr\u00e8s faible niveau de bruit de lecture dans le capteur.<\/p>\n\n\n\n<p><strong>L&rsquo;ISO cr\u00e9e-t-il du bruit ?<\/strong> L&rsquo;ISO lui-m\u00eame ne cr\u00e9e pas de bruit. Il amplifie un signal qui contient d\u00e9j\u00e0 du bruit, ce qui rend ce bruit plus visible. La vraie source du bruit, c&rsquo;est la faible quantit\u00e9 de photons capt\u00e9s et le bruit de lecture des circuits \u00e9lectroniques du capteur.<\/p>\n\n\n\n<p><strong>Faut-il monter les ISO ou \u00e9claircir en post-traitement ?<\/strong> Sur un capteur moderne \u00e0 faible bruit de lecture, les deux approches donnent des r\u00e9sultats tr\u00e8s proches. Le choix d\u00e9pend de la sc\u00e8ne et de l&rsquo;objectif. Pour prot\u00e9ger les hautes lumi\u00e8res dans une sc\u00e8ne contrast\u00e9e, sous-exposer l\u00e9g\u00e8rement et r\u00e9cup\u00e9rer en post-traitement peut \u00eatre avantageux. Pour une sc\u00e8ne uniforme en basse lumi\u00e8re, exposer correctement \u00e0 l&rsquo;ISO appropri\u00e9 reste souvent le choix le plus simple.<\/p>\n\n\n\n<p><strong>Tous les appareils sont-ils ISO invariants ?<\/strong> Non. L&rsquo;invariance ISO d\u00e9pend du niveau de bruit de lecture du capteur. Les hybrides r\u00e9cents haut de gamme s&rsquo;en approchent fortement, mais les appareils d&rsquo;entr\u00e9e de gamme ou les anciens mod\u00e8les peuvent montrer une diff\u00e9rence notable entre amplification \u00e0 l&rsquo;appareil et r\u00e9cup\u00e9ration en post-traitement.<\/p>\n\n\n\n<p><strong>Quelle est la diff\u00e9rence entre ISO natif et ISO \u00e9tendu ?<\/strong> L&rsquo;ISO natif est la plage de sensibilit\u00e9s pour laquelle le capteur est con\u00e7u et optimis\u00e9. Les ISO \u00e9tendus, indiqu\u00e9s par L ou H dans les menus, sont une amplification num\u00e9rique appliqu\u00e9e aux donn\u00e9es d\u00e9j\u00e0 converties. Ils n&rsquo;offrent aucun avantage r\u00e9el par rapport \u00e0 un ISO natif \u00e9clairci en post-traitement, et peuvent m\u00eame produire de moins bons r\u00e9sultats.<\/p>\n\n\n\n<p><strong>L&rsquo;invariance ISO am\u00e9liore-t-elle la plage dynamique ?<\/strong> Indirectement, oui. Sur un capteur ISO invariant, tu peux sous-exposer pour prot\u00e9ger les hautes lumi\u00e8res et r\u00e9cup\u00e9rer les ombres sans perte importante de qualit\u00e9. Cette flexibilit\u00e9 \u00e9largit en pratique la plage de tons que tu peux exploiter dans une sc\u00e8ne \u00e0 fort contraste.<\/p>\n\n\n\n<hr class=\"wp-block-separator has-alpha-channel-opacity\"\/>\n\n\n\n<div class=\"article-signature\">\n    \u2014 Sylvain Perrier \u00b7 Photographe &#038; formateur  \n    <a href=\"https:\/\/academiephotographegatineau.com\/\" target=\"_blank\">\n        Acad\u00e9mie Photographe Gatineau\n    <\/a>\n<\/div>","protected":false},"excerpt":{"rendered":"<p>Monter les ISO ne cr\u00e9e pas de lumi\u00e8re. \u00c7a amplifie un signal d\u00e9j\u00e0 capt\u00e9 par ton capteur. Comprendre cette distinction fondamentale, c&rsquo;est ce qui te permet d&rsquo;exposer avec intention plut\u00f4t qu&rsquo;avec inqui\u00e9tude. L&rsquo;invariance ISO est le concept qui change tout en basse lumi\u00e8re.<\/p>","protected":false},"author":1,"featured_media":9162,"comment_status":"closed","ping_status":"closed","sticky":false,"template":"","format":"standard","meta":{"_kad_post_transparent":"","_kad_post_title":"","_kad_post_layout":"","_kad_post_sidebar_id":"","_kad_post_content_style":"","_kad_post_vertical_padding":"","_kad_post_feature":"","_kad_post_feature_position":"","_kad_post_header":false,"_kad_post_footer":false,"_kad_post_classname":"","jetpack_post_was_ever_published":false,"_jetpack_newsletter_access":"","_jetpack_dont_email_post_to_subs":false,"_jetpack_newsletter_tier_id":0,"_jetpack_memberships_contains_paywalled_content":false,"_jetpack_memberships_contains_paid_content":false,"footnotes":""},"categories":[2959],"tags":[2999,3002,3004,189,3003,2998,3001,3000,1830,2087],"class_list":["post-9157","post","type-post","status-publish","format-standard","has-post-thumbnail","hentry","category-la-lumiere","tag-amplification-analogique","tag-amplification-numerique","tag-bruit-de-lecture","tag-bruit-numerique","tag-exposition-basse-lumiere","tag-invariance-iso","tag-iso-etendu","tag-iso-natif","tag-plage-dynamique","tag-raw-photographie"],"yoast_head":"<!-- This site is optimized with the Yoast SEO plugin v27.4 - https:\/\/yoast.com\/product\/yoast-seo-wordpress\/ -->\n<title>Invariance ISO : comprendre pourquoi l&#039;ISO ne cr\u00e9e pas la lumi\u00e8re - Blog photographie<\/title>\n<meta name=\"description\" content=\"L&#039;ISO ne cr\u00e9e pas la lumi\u00e8re, il amplifie un signal. Comprendre l&#039;invariance ISO change ta fa\u00e7on d&#039;exposer en basse lumi\u00e8re. D\u00e9couvre comment \u00e7a fonctionne vraiment.\" \/>\n<meta name=\"robots\" content=\"index, follow, max-snippet:-1, max-image-preview:large, max-video-preview:-1\" \/>\n<link rel=\"canonical\" href=\"https:\/\/blogphotographie.com\/fr_fr\/invariance-iso\/\" \/>\n<meta property=\"og:locale\" content=\"fr_FR\" \/>\n<meta property=\"og:type\" content=\"article\" \/>\n<meta property=\"og:title\" content=\"Invariance ISO : comprendre pourquoi l&#039;ISO ne cr\u00e9e pas la lumi\u00e8re - Blog photographie\" \/>\n<meta property=\"og:description\" content=\"L&#039;ISO ne cr\u00e9e pas la lumi\u00e8re, il amplifie un signal. Comprendre l&#039;invariance ISO change ta fa\u00e7on d&#039;exposer en basse lumi\u00e8re. D\u00e9couvre comment \u00e7a fonctionne vraiment.\" \/>\n<meta property=\"og:url\" content=\"https:\/\/blogphotographie.com\/fr_fr\/invariance-iso\/\" \/>\n<meta property=\"og:site_name\" content=\"Blog photographie\" \/>\n<meta property=\"article:publisher\" content=\"https:\/\/www.facebook.com\/leblogphotographie\" \/>\n<meta property=\"article:author\" content=\"https:\/\/www.facebook.com\/leblogphotographie\" \/>\n<meta property=\"article:published_time\" content=\"2026-03-10T13:03:13+00:00\" \/>\n<meta property=\"article:modified_time\" content=\"2026-03-31T21:44:24+00:00\" \/>\n<meta property=\"og:image\" content=\"https:\/\/blogphotographie.com\/wp-content\/uploads\/Invariance-ISO-scaled.jpg\" \/>\n\t<meta property=\"og:image:width\" content=\"2560\" \/>\n\t<meta property=\"og:image:height\" content=\"1436\" \/>\n\t<meta property=\"og:image:type\" content=\"image\/jpeg\" \/>\n<meta name=\"author\" content=\"Blog Photographie\" \/>\n<meta name=\"twitter:card\" content=\"summary_large_image\" \/>\n<meta name=\"twitter:creator\" content=\"@sylvainxperrier\" \/>\n<meta name=\"twitter:site\" content=\"@sylvainxperrier\" \/>\n<meta name=\"twitter:label1\" content=\"\u00c9crit par\" \/>\n\t<meta name=\"twitter:data1\" content=\"Blog Photographie\" \/>\n\t<meta name=\"twitter:label2\" content=\"Dur\u00e9e de lecture estim\u00e9e\" \/>\n\t<meta name=\"twitter:data2\" content=\"13 minutes\" \/>\n<script type=\"application\/ld+json\" class=\"yoast-schema-graph\">{\"@context\":\"https:\\\/\\\/schema.org\",\"@graph\":[{\"@type\":\"Article\",\"@id\":\"https:\\\/\\\/blogphotographie.com\\\/invariance-iso\\\/#article\",\"isPartOf\":{\"@id\":\"https:\\\/\\\/blogphotographie.com\\\/invariance-iso\\\/\"},\"author\":{\"name\":\"Blog Photographie\",\"@id\":\"https:\\\/\\\/blogphotographie.com\\\/#\\\/schema\\\/person\\\/5059e59b1012006c7ca43b6330053a01\"},\"headline\":\"Invariance ISO : comprendre pourquoi l&rsquo;ISO ne cr\u00e9e pas la lumi\u00e8re\",\"datePublished\":\"2026-03-10T13:03:13+00:00\",\"dateModified\":\"2026-03-31T21:44:24+00:00\",\"mainEntityOfPage\":{\"@id\":\"https:\\\/\\\/blogphotographie.com\\\/invariance-iso\\\/\"},\"wordCount\":2694,\"publisher\":{\"@id\":\"https:\\\/\\\/blogphotographie.com\\\/#\\\/schema\\\/person\\\/5059e59b1012006c7ca43b6330053a01\"},\"image\":{\"@id\":\"https:\\\/\\\/blogphotographie.com\\\/invariance-iso\\\/#primaryimage\"},\"thumbnailUrl\":\"https:\\\/\\\/blogphotographie.com\\\/wp-content\\\/uploads\\\/Invariance-ISO-scaled.jpg\",\"keywords\":[\"amplification analogique\",\"amplification num\u00e9rique\",\"bruit de lecture\",\"Bruit num\u00e9rique\",\"exposition basse lumi\u00e8re\",\"invariance ISO\",\"ISO \u00e9tendu\",\"ISO natif\",\"plage dynamique\",\"RAW photographie\"],\"articleSection\":[\"La Lumi\u00e8re\"],\"inLanguage\":\"fr-FR\"},{\"@type\":\"WebPage\",\"@id\":\"https:\\\/\\\/blogphotographie.com\\\/invariance-iso\\\/\",\"url\":\"https:\\\/\\\/blogphotographie.com\\\/invariance-iso\\\/\",\"name\":\"Invariance ISO : comprendre pourquoi l'ISO ne cr\u00e9e pas la lumi\u00e8re - Blog photographie\",\"isPartOf\":{\"@id\":\"https:\\\/\\\/blogphotographie.com\\\/#website\"},\"primaryImageOfPage\":{\"@id\":\"https:\\\/\\\/blogphotographie.com\\\/invariance-iso\\\/#primaryimage\"},\"image\":{\"@id\":\"https:\\\/\\\/blogphotographie.com\\\/invariance-iso\\\/#primaryimage\"},\"thumbnailUrl\":\"https:\\\/\\\/blogphotographie.com\\\/wp-content\\\/uploads\\\/Invariance-ISO-scaled.jpg\",\"datePublished\":\"2026-03-10T13:03:13+00:00\",\"dateModified\":\"2026-03-31T21:44:24+00:00\",\"description\":\"L'ISO ne cr\u00e9e pas la lumi\u00e8re, il amplifie un signal. Comprendre l'invariance ISO change ta fa\u00e7on d'exposer en basse lumi\u00e8re. D\u00e9couvre comment \u00e7a fonctionne vraiment.\",\"breadcrumb\":{\"@id\":\"https:\\\/\\\/blogphotographie.com\\\/invariance-iso\\\/#breadcrumb\"},\"inLanguage\":\"fr-FR\",\"potentialAction\":[{\"@type\":\"ReadAction\",\"target\":[\"https:\\\/\\\/blogphotographie.com\\\/invariance-iso\\\/\"]}]},{\"@type\":\"ImageObject\",\"inLanguage\":\"fr-FR\",\"@id\":\"https:\\\/\\\/blogphotographie.com\\\/invariance-iso\\\/#primaryimage\",\"url\":\"https:\\\/\\\/blogphotographie.com\\\/wp-content\\\/uploads\\\/Invariance-ISO-scaled.jpg\",\"contentUrl\":\"https:\\\/\\\/blogphotographie.com\\\/wp-content\\\/uploads\\\/Invariance-ISO-scaled.jpg\",\"width\":2560,\"height\":1436,\"caption\":\"Invariance ISO\"},{\"@type\":\"BreadcrumbList\",\"@id\":\"https:\\\/\\\/blogphotographie.com\\\/invariance-iso\\\/#breadcrumb\",\"itemListElement\":[{\"@type\":\"ListItem\",\"position\":1,\"name\":\"Accueil\",\"item\":\"https:\\\/\\\/blogphotographie.com\\\/\"},{\"@type\":\"ListItem\",\"position\":2,\"name\":\"Invariance ISO : comprendre pourquoi l&rsquo;ISO ne cr\u00e9e pas la lumi\u00e8re\"}]},{\"@type\":\"WebSite\",\"@id\":\"https:\\\/\\\/blogphotographie.com\\\/#website\",\"url\":\"https:\\\/\\\/blogphotographie.com\\\/\",\"name\":\"Blog photographie\",\"description\":\"Le Chemin Photographique \u2014 De l\u2019\u0152il \u00e0 l\u2019Image\",\"publisher\":{\"@id\":\"https:\\\/\\\/blogphotographie.com\\\/#\\\/schema\\\/person\\\/5059e59b1012006c7ca43b6330053a01\"},\"potentialAction\":[{\"@type\":\"SearchAction\",\"target\":{\"@type\":\"EntryPoint\",\"urlTemplate\":\"https:\\\/\\\/blogphotographie.com\\\/?s={search_term_string}\"},\"query-input\":{\"@type\":\"PropertyValueSpecification\",\"valueRequired\":true,\"valueName\":\"search_term_string\"}}],\"inLanguage\":\"fr-FR\"},{\"@type\":[\"Person\",\"Organization\"],\"@id\":\"https:\\\/\\\/blogphotographie.com\\\/#\\\/schema\\\/person\\\/5059e59b1012006c7ca43b6330053a01\",\"name\":\"Blog Photographie\",\"image\":{\"@type\":\"ImageObject\",\"inLanguage\":\"fr-FR\",\"@id\":\"https:\\\/\\\/blogphotographie.com\\\/wp-content\\\/uploads\\\/logo.png\",\"url\":\"https:\\\/\\\/blogphotographie.com\\\/wp-content\\\/uploads\\\/logo.png\",\"contentUrl\":\"https:\\\/\\\/blogphotographie.com\\\/wp-content\\\/uploads\\\/logo.png\",\"width\":800,\"height\":800,\"caption\":\"Blog Photographie\"},\"logo\":{\"@id\":\"https:\\\/\\\/blogphotographie.com\\\/wp-content\\\/uploads\\\/logo.png\"},\"sameAs\":[\"https:\\\/\\\/blogphotographie.com\",\"https:\\\/\\\/www.facebook.com\\\/leblogphotographie\",\"https:\\\/\\\/www.instagram.com\\\/leblogphotographie\",\"https:\\\/\\\/www.pinterest.ca\\\/sylvain_perrier\",\"https:\\\/\\\/x.com\\\/sylvainxperrier\",\"https:\\\/\\\/www.youtube.com\\\/user\\\/lencadreursylvain\",\"https:\\\/\\\/www.tumblr.com\\\/blog\\\/sylvainperrierfotografi\"]}]}<\/script>\n<!-- \/ Yoast SEO plugin. -->","yoast_head_json":{"title":"Invariance ISO : comprendre pourquoi l'ISO ne cr\u00e9e pas la lumi\u00e8re - Blog photographie","description":"L'ISO ne cr\u00e9e pas la lumi\u00e8re, il amplifie un signal. Comprendre l'invariance ISO change ta fa\u00e7on d'exposer en basse lumi\u00e8re. D\u00e9couvre comment \u00e7a fonctionne vraiment.","robots":{"index":"index","follow":"follow","max-snippet":"max-snippet:-1","max-image-preview":"max-image-preview:large","max-video-preview":"max-video-preview:-1"},"canonical":"https:\/\/blogphotographie.com\/fr_fr\/invariance-iso\/","og_locale":"fr_FR","og_type":"article","og_title":"Invariance ISO : comprendre pourquoi l'ISO ne cr\u00e9e pas la lumi\u00e8re - Blog photographie","og_description":"L'ISO ne cr\u00e9e pas la lumi\u00e8re, il amplifie un signal. Comprendre l'invariance ISO change ta fa\u00e7on d'exposer en basse lumi\u00e8re. D\u00e9couvre comment \u00e7a fonctionne vraiment.","og_url":"https:\/\/blogphotographie.com\/fr_fr\/invariance-iso\/","og_site_name":"Blog photographie","article_publisher":"https:\/\/www.facebook.com\/leblogphotographie","article_author":"https:\/\/www.facebook.com\/leblogphotographie","article_published_time":"2026-03-10T13:03:13+00:00","article_modified_time":"2026-03-31T21:44:24+00:00","og_image":[{"width":2560,"height":1436,"url":"https:\/\/blogphotographie.com\/wp-content\/uploads\/Invariance-ISO-scaled.jpg","type":"image\/jpeg"}],"author":"Blog Photographie","twitter_card":"summary_large_image","twitter_creator":"@sylvainxperrier","twitter_site":"@sylvainxperrier","twitter_misc":{"\u00c9crit par":"Blog Photographie","Dur\u00e9e de lecture estim\u00e9e":"13 minutes"},"schema":{"@context":"https:\/\/schema.org","@graph":[{"@type":"Article","@id":"https:\/\/blogphotographie.com\/invariance-iso\/#article","isPartOf":{"@id":"https:\/\/blogphotographie.com\/invariance-iso\/"},"author":{"name":"Blog Photographie","@id":"https:\/\/blogphotographie.com\/#\/schema\/person\/5059e59b1012006c7ca43b6330053a01"},"headline":"Invariance ISO : comprendre pourquoi l&rsquo;ISO ne cr\u00e9e pas la lumi\u00e8re","datePublished":"2026-03-10T13:03:13+00:00","dateModified":"2026-03-31T21:44:24+00:00","mainEntityOfPage":{"@id":"https:\/\/blogphotographie.com\/invariance-iso\/"},"wordCount":2694,"publisher":{"@id":"https:\/\/blogphotographie.com\/#\/schema\/person\/5059e59b1012006c7ca43b6330053a01"},"image":{"@id":"https:\/\/blogphotographie.com\/invariance-iso\/#primaryimage"},"thumbnailUrl":"https:\/\/blogphotographie.com\/wp-content\/uploads\/Invariance-ISO-scaled.jpg","keywords":["amplification analogique","amplification num\u00e9rique","bruit de lecture","Bruit num\u00e9rique","exposition basse lumi\u00e8re","invariance ISO","ISO \u00e9tendu","ISO natif","plage dynamique","RAW photographie"],"articleSection":["La Lumi\u00e8re"],"inLanguage":"fr-FR"},{"@type":"WebPage","@id":"https:\/\/blogphotographie.com\/invariance-iso\/","url":"https:\/\/blogphotographie.com\/invariance-iso\/","name":"Invariance ISO : comprendre pourquoi l'ISO ne cr\u00e9e pas la lumi\u00e8re - Blog photographie","isPartOf":{"@id":"https:\/\/blogphotographie.com\/#website"},"primaryImageOfPage":{"@id":"https:\/\/blogphotographie.com\/invariance-iso\/#primaryimage"},"image":{"@id":"https:\/\/blogphotographie.com\/invariance-iso\/#primaryimage"},"thumbnailUrl":"https:\/\/blogphotographie.com\/wp-content\/uploads\/Invariance-ISO-scaled.jpg","datePublished":"2026-03-10T13:03:13+00:00","dateModified":"2026-03-31T21:44:24+00:00","description":"L'ISO ne cr\u00e9e pas la lumi\u00e8re, il amplifie un signal. Comprendre l'invariance ISO change ta fa\u00e7on d'exposer en basse lumi\u00e8re. D\u00e9couvre comment \u00e7a fonctionne vraiment.","breadcrumb":{"@id":"https:\/\/blogphotographie.com\/invariance-iso\/#breadcrumb"},"inLanguage":"fr-FR","potentialAction":[{"@type":"ReadAction","target":["https:\/\/blogphotographie.com\/invariance-iso\/"]}]},{"@type":"ImageObject","inLanguage":"fr-FR","@id":"https:\/\/blogphotographie.com\/invariance-iso\/#primaryimage","url":"https:\/\/blogphotographie.com\/wp-content\/uploads\/Invariance-ISO-scaled.jpg","contentUrl":"https:\/\/blogphotographie.com\/wp-content\/uploads\/Invariance-ISO-scaled.jpg","width":2560,"height":1436,"caption":"Invariance ISO"},{"@type":"BreadcrumbList","@id":"https:\/\/blogphotographie.com\/invariance-iso\/#breadcrumb","itemListElement":[{"@type":"ListItem","position":1,"name":"Accueil","item":"https:\/\/blogphotographie.com\/"},{"@type":"ListItem","position":2,"name":"Invariance ISO : comprendre pourquoi l&rsquo;ISO ne cr\u00e9e pas la lumi\u00e8re"}]},{"@type":"WebSite","@id":"https:\/\/blogphotographie.com\/#website","url":"https:\/\/blogphotographie.com\/","name":"Blog photographie","description":"Le Chemin Photographique \u2014 De l\u2019\u0152il \u00e0 l\u2019Image","publisher":{"@id":"https:\/\/blogphotographie.com\/#\/schema\/person\/5059e59b1012006c7ca43b6330053a01"},"potentialAction":[{"@type":"SearchAction","target":{"@type":"EntryPoint","urlTemplate":"https:\/\/blogphotographie.com\/?s={search_term_string}"},"query-input":{"@type":"PropertyValueSpecification","valueRequired":true,"valueName":"search_term_string"}}],"inLanguage":"fr-FR"},{"@type":["Person","Organization"],"@id":"https:\/\/blogphotographie.com\/#\/schema\/person\/5059e59b1012006c7ca43b6330053a01","name":"Blog Photographie","image":{"@type":"ImageObject","inLanguage":"fr-FR","@id":"https:\/\/blogphotographie.com\/wp-content\/uploads\/logo.png","url":"https:\/\/blogphotographie.com\/wp-content\/uploads\/logo.png","contentUrl":"https:\/\/blogphotographie.com\/wp-content\/uploads\/logo.png","width":800,"height":800,"caption":"Blog Photographie"},"logo":{"@id":"https:\/\/blogphotographie.com\/wp-content\/uploads\/logo.png"},"sameAs":["https:\/\/blogphotographie.com","https:\/\/www.facebook.com\/leblogphotographie","https:\/\/www.instagram.com\/leblogphotographie","https:\/\/www.pinterest.ca\/sylvain_perrier","https:\/\/x.com\/sylvainxperrier","https:\/\/www.youtube.com\/user\/lencadreursylvain","https:\/\/www.tumblr.com\/blog\/sylvainperrierfotografi"]}]}},"jetpack_featured_media_url":"https:\/\/blogphotographie.com\/wp-content\/uploads\/Invariance-ISO-scaled.jpg","jetpack_sharing_enabled":true,"jetpack_likes_enabled":true,"_links":{"self":[{"href":"https:\/\/blogphotographie.com\/fr_fr\/wp-json\/wp\/v2\/posts\/9157","targetHints":{"allow":["GET"]}}],"collection":[{"href":"https:\/\/blogphotographie.com\/fr_fr\/wp-json\/wp\/v2\/posts"}],"about":[{"href":"https:\/\/blogphotographie.com\/fr_fr\/wp-json\/wp\/v2\/types\/post"}],"author":[{"embeddable":true,"href":"https:\/\/blogphotographie.com\/fr_fr\/wp-json\/wp\/v2\/users\/1"}],"replies":[{"embeddable":true,"href":"https:\/\/blogphotographie.com\/fr_fr\/wp-json\/wp\/v2\/comments?post=9157"}],"version-history":[{"count":5,"href":"https:\/\/blogphotographie.com\/fr_fr\/wp-json\/wp\/v2\/posts\/9157\/revisions"}],"predecessor-version":[{"id":9177,"href":"https:\/\/blogphotographie.com\/fr_fr\/wp-json\/wp\/v2\/posts\/9157\/revisions\/9177"}],"wp:featuredmedia":[{"embeddable":true,"href":"https:\/\/blogphotographie.com\/fr_fr\/wp-json\/wp\/v2\/media\/9162"}],"wp:attachment":[{"href":"https:\/\/blogphotographie.com\/fr_fr\/wp-json\/wp\/v2\/media?parent=9157"}],"wp:term":[{"taxonomy":"category","embeddable":true,"href":"https:\/\/blogphotographie.com\/fr_fr\/wp-json\/wp\/v2\/categories?post=9157"},{"taxonomy":"post_tag","embeddable":true,"href":"https:\/\/blogphotographie.com\/fr_fr\/wp-json\/wp\/v2\/tags?post=9157"}],"curies":[{"name":"wp","href":"https:\/\/api.w.org\/{rel}","templated":true}]}}